{"id":1067,"date":"2013-05-18T18:00:26","date_gmt":"2013-05-18T16:00:26","guid":{"rendered":"http:\/\/www.dojo-anshin-arts-martiaux.org\/wordpress\/?p=1067"},"modified":"2013-05-27T15:13:27","modified_gmt":"2013-05-27T13:13:27","slug":"open-jujitsu-combat-nationaux-2012-2013","status":"publish","type":"post","link":"http:\/\/www.dojo-anshin-arts-martiaux.org\/wordpress\/open-jujitsu-combat-nationaux-2012-2013\/","title":{"rendered":"Open Jujitsu Combat nationaux &#8211; 2012-2013"},"content":{"rendered":"<p>F\u00e9licitations \u00e0 tous les comp\u00e9titeurs.<br \/>\nJean-Claude.<\/p>\n<p><strong><span style=\"font-size: medium;\">Championnat de France &#8211; Amilly (45)<\/span><\/strong>, Samedi 18 mai 2013<\/p>\n<ul>\n<li>5\u00e8me PEREZ Alexandre (-85 kg)<\/li>\n<\/ul>\n<p>&nbsp;<\/p>\n<p><strong><span style=\"font-size: medium;\">Open de Marseille<\/span><\/strong>, Samedi 16 f\u00e9vrier 2013<\/p>\n<ul>\n<li>2\u00e8me <strong>MARTIN Anthony<\/strong> (-62 kg)<\/li>\n<li>7\u00e8me KASSAPIAN Yoann (-77 kg)<\/li>\n<li>9\u00e8me RIEU Brandon (-77 kg)<\/li>\n<li>3\u00e8me <strong>PEREZ Alexandre<\/strong> (-85 kg)<\/li>\n<li>1er <strong>CASLANI Olivier<\/strong> (+94 kg)<\/li>\n<\/ul>\n<p>&nbsp;<\/p>\n<p><strong><span style=\"font-size: medium;\">Open d&rsquo;Orl\u00e9ans<\/span><\/strong>, Samedi 19 janvier 2013<\/p>\n<ul>\n<li>3\u00e8me <strong>BOUKACEM Mohamed Amine<\/strong> (-62 kg)<\/li>\n<li>5\u00e8me MARTIN Anthony (-62 kg)<\/li>\n<li>&nbsp;&nbsp;&nbsp; KASSAPIAN Yoann (-77 kg)<\/li>\n<li>&nbsp;&nbsp;&nbsp; RIEU Brandon (-77 kg)<\/li>\n<li>&nbsp;&nbsp;&nbsp; EXCOFFIER Cl\u00e9ment (-85 kg)<\/li>\n<li>7\u00e8me NOUIR Na\u00efm (-85 kg)<\/li>\n<li>7\u00e8me PEREZ Alexandre (-85 kg)<\/li>\n<\/ul>\n<p>&nbsp;<\/p>\n<p><strong><span style=\"font-size: medium;\">Open du Nord<\/span><\/strong>, Dimanche 15 d\u00e9cembre 2012<\/p>\n<ul>\n<li>3\u00e8me <strong>CASLANI Olivier<\/strong> (+94 kg)<\/li>\n<\/ul>\n","protected":false},"excerpt":{"rendered":"<p>F\u00e9licitations \u00e0 tous les comp\u00e9titeurs. Jean-Claude. Championnat de France &#8211; Amilly (45), Samedi 18 mai 2013 5\u00e8me PEREZ Alexandre (-85 kg) &nbsp; Open de Marseille, Samedi 16 f\u00e9vrier 2013 2\u00e8me MARTIN Anthony (-62 kg) 7\u00e8me KASSAPIAN Yoann (-77 kg) 9\u00e8me RIEU Brandon (-77 kg) 3\u00e8me PEREZ Alexandre (-85 kg) 1er CASLANI Olivier (+94 kg) &nbsp; [&hellip;]<\/p>\n","protected":false},"author":2,"featured_media":0,"comment_status":"open","ping_status":"open","sticky":false,"template":"","format":"standard","meta":{"ngg_post_thumbnail":0,"footnotes":""},"categories":[5,8],"tags":[],"class_list":["post-1067","post","type-post","status-publish","format-standard","hentry","category-jujitsu","category-resultats"],"_links":{"self":[{"href":"http:\/\/www.dojo-anshin-arts-martiaux.org\/wordpress\/wp-json\/wp\/v2\/posts\/1067","targetHints":{"allow":["GET"]}}],"collection":[{"href":"http:\/\/www.dojo-anshin-arts-martiaux.org\/wordpress\/wp-json\/wp\/v2\/posts"}],"about":[{"href":"http:\/\/www.dojo-anshin-arts-martiaux.org\/wordpress\/wp-json\/wp\/v2\/types\/post"}],"author":[{"embeddable":true,"href":"http:\/\/www.dojo-anshin-arts-martiaux.org\/wordpress\/wp-json\/wp\/v2\/users\/2"}],"replies":[{"embeddable":true,"href":"http:\/\/www.dojo-anshin-arts-martiaux.org\/wordpress\/wp-json\/wp\/v2\/comments?post=1067"}],"version-history":[{"count":0,"href":"http:\/\/www.dojo-anshin-arts-martiaux.org\/wordpress\/wp-json\/wp\/v2\/posts\/1067\/revisions"}],"wp:attachment":[{"href":"http:\/\/www.dojo-anshin-arts-martiaux.org\/wordpress\/wp-json\/wp\/v2\/media?parent=1067"}],"wp:term":[{"taxonomy":"category","embeddable":true,"href":"http:\/\/www.dojo-anshin-arts-martiaux.org\/wordpress\/wp-json\/wp\/v2\/categories?post=1067"},{"taxonomy":"post_tag","embeddable":true,"href":"http:\/\/www.dojo-anshin-arts-martiaux.org\/wordpress\/wp-json\/wp\/v2\/tags?post=1067"}],"curies":[{"name":"wp","href":"https:\/\/api.w.org\/{rel}","templated":true}]}}