{"id":1073,"date":"2013-02-22T18:00:03","date_gmt":"2013-02-22T16:00:03","guid":{"rendered":"http:\/\/www.dojo-anshin-arts-martiaux.org\/wordpress\/?p=1073"},"modified":"2013-02-27T00:29:49","modified_gmt":"2013-02-26T22:29:49","slug":"vacances-fevrier-2013","status":"publish","type":"post","link":"http:\/\/www.dojo-anshin-arts-martiaux.org\/wordpress\/vacances-fevrier-2013\/","title":{"rendered":"Vacances F\u00e9vrier 2013"},"content":{"rendered":"<p style=\"text-align: left;\"><span style=\"text-decoration: underline;\">Fermeture du Dojo pour les vacances de F\u00e9vrier 2013<\/span><\/p>\n<ul>\n<li>Pour les <strong>enfants<\/strong> (de \u00e9veils \u00e0 minimes): pas de cours de judo pendant les vacances scolaires.\u00a0Reprise des cours <strong>lundi 11 mars 2013<\/strong>.<\/li>\n<\/ul>\n<ul>\n<li>Pour les <strong>cadets et plus<\/strong>: <strong>Andr\u00e9<\/strong> va dispenser 2 cours, <strong>de 19h00 \u00e0 20h30<\/strong>:\n<ul>\n<li>mardi 05 mars 2013 (Judo comp\u00e9tition)<\/li>\n<li>jeudi 07 mars 2013 (Jujitsu combat)<\/li>\n<\/ul>\n<\/ul>\n<p>Bonnes vacances.<br \/>\nJean-Claude et Andr\u00e9.<\/p>\n","protected":false},"excerpt":{"rendered":"<p>Fermeture du Dojo pour les vacances de F\u00e9vrier 2013 Pour les enfants (de \u00e9veils \u00e0 minimes): pas de cours de judo pendant les vacances scolaires.\u00a0Reprise des cours lundi 11 mars 2013. Pour les cadets et plus: Andr\u00e9 va dispenser 2 cours, de 19h00 \u00e0 20h30: mardi 05 mars 2013 (Judo comp\u00e9tition) jeudi 07 mars 2013 [&hellip;]<\/p>\n","protected":false},"author":2,"featured_media":0,"comment_status":"open","ping_status":"open","sticky":false,"template":"","format":"standard","meta":{"ngg_post_thumbnail":0,"footnotes":""},"categories":[6],"tags":[],"class_list":["post-1073","post","type-post","status-publish","format-standard","hentry","category-vie-du-club"],"_links":{"self":[{"href":"http:\/\/www.dojo-anshin-arts-martiaux.org\/wordpress\/wp-json\/wp\/v2\/posts\/1073","targetHints":{"allow":["GET"]}}],"collection":[{"href":"http:\/\/www.dojo-anshin-arts-martiaux.org\/wordpress\/wp-json\/wp\/v2\/posts"}],"about":[{"href":"http:\/\/www.dojo-anshin-arts-martiaux.org\/wordpress\/wp-json\/wp\/v2\/types\/post"}],"author":[{"embeddable":true,"href":"http:\/\/www.dojo-anshin-arts-martiaux.org\/wordpress\/wp-json\/wp\/v2\/users\/2"}],"replies":[{"embeddable":true,"href":"http:\/\/www.dojo-anshin-arts-martiaux.org\/wordpress\/wp-json\/wp\/v2\/comments?post=1073"}],"version-history":[{"count":0,"href":"http:\/\/www.dojo-anshin-arts-martiaux.org\/wordpress\/wp-json\/wp\/v2\/posts\/1073\/revisions"}],"wp:attachment":[{"href":"http:\/\/www.dojo-anshin-arts-martiaux.org\/wordpress\/wp-json\/wp\/v2\/media?parent=1073"}],"wp:term":[{"taxonomy":"category","embeddable":true,"href":"http:\/\/www.dojo-anshin-arts-martiaux.org\/wordpress\/wp-json\/wp\/v2\/categories?post=1073"},{"taxonomy":"post_tag","embeddable":true,"href":"http:\/\/www.dojo-anshin-arts-martiaux.org\/wordpress\/wp-json\/wp\/v2\/tags?post=1073"}],"curies":[{"name":"wp","href":"https:\/\/api.w.org\/{rel}","templated":true}]}}