{"id":1101,"date":"2013-04-22T18:00:00","date_gmt":"2013-04-22T16:00:00","guid":{"rendered":"http:\/\/www.dojo-anshin-arts-martiaux.org\/wordpress\/?p=1101"},"modified":"2013-04-25T14:03:58","modified_gmt":"2013-04-25T12:03:58","slug":"vacances-de-paques-2013","status":"publish","type":"post","link":"http:\/\/www.dojo-anshin-arts-martiaux.org\/wordpress\/vacances-de-paques-2013\/","title":{"rendered":"Vacances de P\u00e2ques 2013"},"content":{"rendered":"<p style=\"text-align: left;\"><span style=\"text-decoration: underline;\">Fermeture du Dojo pour les vacances de P\u00e2ques 2013<\/span><\/p>\n<ul>\n<li>Pour les <strong>enfants<\/strong> (de \u00e9veils \u00e0 minimes): pas de cours de judo pendant les vacances scolaires.\u00a0Reprise des cours <strong>lundi 06 mai 2013<\/strong>.<\/li>\n<\/ul>\n<ul>\n<li>Pour les <strong>cadets et plus<\/strong>: <strong>Andr\u00e9<\/strong> va dispenser 1 cours, <strong>de 19h00 \u00e0 20h30<\/strong>:\n<ul>\n<li>mercredi 24 avril 2013 (Judo)<\/li>\n<\/ul>\n<\/ul>\n<p>Bonnes vacances.<br \/>\nJean-Claude et Andr\u00e9.<\/p>\n","protected":false},"excerpt":{"rendered":"<p>Fermeture du Dojo pour les vacances de P\u00e2ques 2013 Pour les enfants (de \u00e9veils \u00e0 minimes): pas de cours de judo pendant les vacances scolaires.\u00a0Reprise des cours lundi 06 mai 2013. Pour les cadets et plus: Andr\u00e9 va dispenser 1 cours, de 19h00 \u00e0 20h30: mercredi 24 avril 2013 (Judo) Bonnes vacances. Jean-Claude et Andr\u00e9.<\/p>\n","protected":false},"author":2,"featured_media":0,"comment_status":"open","ping_status":"open","sticky":false,"template":"","format":"standard","meta":{"ngg_post_thumbnail":0,"footnotes":""},"categories":[6],"tags":[],"class_list":["post-1101","post","type-post","status-publish","format-standard","hentry","category-vie-du-club"],"_links":{"self":[{"href":"http:\/\/www.dojo-anshin-arts-martiaux.org\/wordpress\/wp-json\/wp\/v2\/posts\/1101","targetHints":{"allow":["GET"]}}],"collection":[{"href":"http:\/\/www.dojo-anshin-arts-martiaux.org\/wordpress\/wp-json\/wp\/v2\/posts"}],"about":[{"href":"http:\/\/www.dojo-anshin-arts-martiaux.org\/wordpress\/wp-json\/wp\/v2\/types\/post"}],"author":[{"embeddable":true,"href":"http:\/\/www.dojo-anshin-arts-martiaux.org\/wordpress\/wp-json\/wp\/v2\/users\/2"}],"replies":[{"embeddable":true,"href":"http:\/\/www.dojo-anshin-arts-martiaux.org\/wordpress\/wp-json\/wp\/v2\/comments?post=1101"}],"version-history":[{"count":0,"href":"http:\/\/www.dojo-anshin-arts-martiaux.org\/wordpress\/wp-json\/wp\/v2\/posts\/1101\/revisions"}],"wp:attachment":[{"href":"http:\/\/www.dojo-anshin-arts-martiaux.org\/wordpress\/wp-json\/wp\/v2\/media?parent=1101"}],"wp:term":[{"taxonomy":"category","embeddable":true,"href":"http:\/\/www.dojo-anshin-arts-martiaux.org\/wordpress\/wp-json\/wp\/v2\/categories?post=1101"},{"taxonomy":"post_tag","embeddable":true,"href":"http:\/\/www.dojo-anshin-arts-martiaux.org\/wordpress\/wp-json\/wp\/v2\/tags?post=1101"}],"curies":[{"name":"wp","href":"https:\/\/api.w.org\/{rel}","templated":true}]}}