{"id":1268,"date":"2013-07-22T18:00:48","date_gmt":"2013-07-22T16:00:48","guid":{"rendered":"http:\/\/www.dojo-anshin-arts-martiaux.org\/wordpress\/?p=1268"},"modified":"2013-07-23T23:13:37","modified_gmt":"2013-07-23T21:13:37","slug":"inscriptions-et-reprise-des-cours-saison-2013-2014","status":"publish","type":"post","link":"http:\/\/www.dojo-anshin-arts-martiaux.org\/wordpress\/inscriptions-et-reprise-des-cours-saison-2013-2014\/","title":{"rendered":"Inscriptions et Reprise des cours &#8211; Saison 2013-2014"},"content":{"rendered":"<p>Cher(e)s \u00e9l\u00e8ves,<\/p>\n<p>Voici donc la 2\u00e8me saison qui se termine pour le <strong>Dojo Anshin Arts Martiaux<\/strong>.<br \/>\nLe bilan sportif est excellent, avec de tr\u00e8s bons r\u00e9sultats en Judo et en Jujitsu, aussi bien pour les petits que pour les plus grands.<br \/>\nBravo \u00e0 toutes et \u00e0 tous.<\/p>\n<p>Les cours pour la saison prochaine recommenceront la semaine du <strong>lundi 16 septembre 2013<\/strong>.<\/p>\n<p>Pour les inscriptions, 2 journ\u00e9es sont pr\u00e9vues, sur place au Dojo, 111 rue Joliot Curie &#8211; 69005 Lyon<\/p>\n<ul>\n<li>samedi 07 septembre 2013, de 10h00 \u00e0 12h30 et de 14h30 \u00e0 17h00<\/li>\n<li>samedi 14 septembre 2013, de 10h00 \u00e0 12h30 et de 14h30 \u00e0 17h00<\/li>\n<\/ul>\n<p>Attention: N&rsquo;oubliez pas votre certificat m\u00e9dical !<\/p>\n<p align=left><b>Tarifs inchang\u00e9s par rapport \u00e0 la saison pr\u00e9c\u00e9dente.<\/b><\/p>\n<p>Documents utiles:<\/p>\n<ul>\n<li><a href=\"http:\/\/www.dojo-anshin-arts-martiaux.org\/documents\/2013-2014_ficheInscription.pdf\" target=\"_blank\">La fiche d&rsquo;inscription<\/a> (\u00e0 remplir)<\/li>\n<li><a href=\"http:\/\/www.dojo-anshin-arts-martiaux.org\/documents\/2013-2014_modalitesInscription.pdf\" target=\"_blank\">La fiche des cours et les modalit\u00e9s d&rsquo;inscription<\/a><\/li>\n<\/ul>\n<p>Bonnes vacances, et \u00e0 la rentr\u00e9e.<br \/>\nJean-Claude et Andr\u00e9.<\/p>\n","protected":false},"excerpt":{"rendered":"<p>Cher(e)s \u00e9l\u00e8ves, Voici donc la 2\u00e8me saison qui se termine pour le Dojo Anshin Arts Martiaux. Le bilan sportif est excellent, avec de tr\u00e8s bons r\u00e9sultats en Judo et en Jujitsu, aussi bien pour les petits que pour les plus grands. Bravo \u00e0 toutes et \u00e0 tous. Les cours pour la saison prochaine recommenceront la [&hellip;]<\/p>\n","protected":false},"author":2,"featured_media":0,"comment_status":"open","ping_status":"open","sticky":false,"template":"","format":"standard","meta":{"ngg_post_thumbnail":0,"footnotes":""},"categories":[6],"tags":[],"class_list":["post-1268","post","type-post","status-publish","format-standard","hentry","category-vie-du-club"],"_links":{"self":[{"href":"http:\/\/www.dojo-anshin-arts-martiaux.org\/wordpress\/wp-json\/wp\/v2\/posts\/1268","targetHints":{"allow":["GET"]}}],"collection":[{"href":"http:\/\/www.dojo-anshin-arts-martiaux.org\/wordpress\/wp-json\/wp\/v2\/posts"}],"about":[{"href":"http:\/\/www.dojo-anshin-arts-martiaux.org\/wordpress\/wp-json\/wp\/v2\/types\/post"}],"author":[{"embeddable":true,"href":"http:\/\/www.dojo-anshin-arts-martiaux.org\/wordpress\/wp-json\/wp\/v2\/users\/2"}],"replies":[{"embeddable":true,"href":"http:\/\/www.dojo-anshin-arts-martiaux.org\/wordpress\/wp-json\/wp\/v2\/comments?post=1268"}],"version-history":[{"count":0,"href":"http:\/\/www.dojo-anshin-arts-martiaux.org\/wordpress\/wp-json\/wp\/v2\/posts\/1268\/revisions"}],"wp:attachment":[{"href":"http:\/\/www.dojo-anshin-arts-martiaux.org\/wordpress\/wp-json\/wp\/v2\/media?parent=1268"}],"wp:term":[{"taxonomy":"category","embeddable":true,"href":"http:\/\/www.dojo-anshin-arts-martiaux.org\/wordpress\/wp-json\/wp\/v2\/categories?post=1268"},{"taxonomy":"post_tag","embeddable":true,"href":"http:\/\/www.dojo-anshin-arts-martiaux.org\/wordpress\/wp-json\/wp\/v2\/tags?post=1268"}],"curies":[{"name":"wp","href":"https:\/\/api.w.org\/{rel}","templated":true}]}}