{"id":1304,"date":"2013-11-17T10:00:28","date_gmt":"2013-11-17T08:00:28","guid":{"rendered":"http:\/\/www.dojo-anshin-arts-martiaux.org\/wordpress\/?p=1304"},"modified":"2013-11-20T01:23:11","modified_gmt":"2013-11-19T23:23:11","slug":"6eme-dan-pour-jean-claude","status":"publish","type":"post","link":"http:\/\/www.dojo-anshin-arts-martiaux.org\/wordpress\/6eme-dan-pour-jean-claude\/","title":{"rendered":"Passage du 6\u00e8me Dan pour Jean-Claude"},"content":{"rendered":"<p>Dimanche 17 novembre 10h15, Institut du Judo \u00e0 Paris<\/p>\n<p>Une superbe prestation de Jean-Claude et de ses 4 partenaires:<\/p>\n<ul>\n<li>Vincent VALENTE<\/li>\n<li>Alexandre PEREZ<\/li>\n<li>Andr\u00e9 PEREZ<\/li>\n<li>Brandon RIEU<\/li>\n<\/ul>\n<p>Mais le Ta\u00ef OToshi de Jean-Claude, l\u00e9g\u00e8rement modifi\u00e9 par rapport \u00e0 la forme acad\u00e9mique pour des raisons de morphologie, n&rsquo;a pas plu \u00e0 tous les membres du jury.<\/p>\n<p>On s&rsquo;est donn\u00e9 rendez-vous dans 1 an, m\u00eame jour, m\u00eame heure, m\u00eame salle, sur la place des Grands Hommes&#8230;.<\/p>\n","protected":false},"excerpt":{"rendered":"<p>Dimanche 17 novembre 10h15, Institut du Judo \u00e0 Paris Une superbe prestation de Jean-Claude et de ses 4 partenaires: Vincent VALENTE Alexandre PEREZ Andr\u00e9 PEREZ Brandon RIEU Mais le Ta\u00ef OToshi de Jean-Claude, l\u00e9g\u00e8rement modifi\u00e9 par rapport \u00e0 la forme acad\u00e9mique pour des raisons de morphologie, n&rsquo;a pas plu \u00e0 tous les membres du jury. [&hellip;]<\/p>\n","protected":false},"author":2,"featured_media":0,"comment_status":"open","ping_status":"open","sticky":false,"template":"","format":"standard","meta":{"ngg_post_thumbnail":0,"footnotes":""},"categories":[7,6],"tags":[],"class_list":["post-1304","post","type-post","status-publish","format-standard","hentry","category-passage-de-grades","category-vie-du-club"],"_links":{"self":[{"href":"http:\/\/www.dojo-anshin-arts-martiaux.org\/wordpress\/wp-json\/wp\/v2\/posts\/1304","targetHints":{"allow":["GET"]}}],"collection":[{"href":"http:\/\/www.dojo-anshin-arts-martiaux.org\/wordpress\/wp-json\/wp\/v2\/posts"}],"about":[{"href":"http:\/\/www.dojo-anshin-arts-martiaux.org\/wordpress\/wp-json\/wp\/v2\/types\/post"}],"author":[{"embeddable":true,"href":"http:\/\/www.dojo-anshin-arts-martiaux.org\/wordpress\/wp-json\/wp\/v2\/users\/2"}],"replies":[{"embeddable":true,"href":"http:\/\/www.dojo-anshin-arts-martiaux.org\/wordpress\/wp-json\/wp\/v2\/comments?post=1304"}],"version-history":[{"count":0,"href":"http:\/\/www.dojo-anshin-arts-martiaux.org\/wordpress\/wp-json\/wp\/v2\/posts\/1304\/revisions"}],"wp:attachment":[{"href":"http:\/\/www.dojo-anshin-arts-martiaux.org\/wordpress\/wp-json\/wp\/v2\/media?parent=1304"}],"wp:term":[{"taxonomy":"category","embeddable":true,"href":"http:\/\/www.dojo-anshin-arts-martiaux.org\/wordpress\/wp-json\/wp\/v2\/categories?post=1304"},{"taxonomy":"post_tag","embeddable":true,"href":"http:\/\/www.dojo-anshin-arts-martiaux.org\/wordpress\/wp-json\/wp\/v2\/tags?post=1304"}],"curies":[{"name":"wp","href":"https:\/\/api.w.org\/{rel}","templated":true}]}}