{"id":1366,"date":"2014-05-24T18:00:34","date_gmt":"2014-05-24T16:00:34","guid":{"rendered":"http:\/\/www.dojo-anshin-arts-martiaux.org\/wordpress\/?p=1366"},"modified":"2014-05-26T23:57:04","modified_gmt":"2014-05-26T21:57:04","slug":"resultats-open-regionaux-jujitsu-combat-2013-2014","status":"publish","type":"post","link":"http:\/\/www.dojo-anshin-arts-martiaux.org\/wordpress\/resultats-open-regionaux-jujitsu-combat-2013-2014\/","title":{"rendered":"R\u00e9sultats Open r\u00e9gionaux Jujitsu combat &#8211; 2013-2014"},"content":{"rendered":"<p style=\"text-align: left;\"><strong>Samedi 24 mai 2014<\/strong> &#8211; La Motte Servolex (73) &#8211; <strong>Finale<\/strong> du circuit r\u00e9gional Rh\u00f4ne-Alpes de Jujitsu Combat 2013-2014<\/p>\n<ul>\n<li>F\u00e9minines<\/li>\n<ul>\n<li>3- BAROU Elodie (F -55)<\/li>\n<li>2- FELLMANN Clara (F -55), Vice Championne -55 Kg<\/li>\n<li>3- VILAR Claire (F -62)<\/li>\n<\/ul>\n<\/ul>\n<ul>\n<li>Masculins<\/li>\n<ul>\n<li>2 &#8211; BEHEM Martin (M -62 CA) Vice Champion Cadet -62 Kg<\/li>\n<li>1 &#8211; <b>BUTEL Lo\u00efck<\/b> (M -85 CA), Champion Cadet -85 Kg<\/li>\n<li>1 &#8211; <b>EXCOFFIER Quentin<\/b> (M -62 CA), Champion Cadet -62 Kg<\/li>\n<\/ul>\n<\/ul>\n<hr>\n<p style=\"text-align: left;\"><strong>Samedi 5 avril 2014<\/strong> &#8211; Dojo Anshin (69) &#8211; <strong>4\u00e8me \u00e9tape<\/strong> du circuit r\u00e9gional de Jujitsu Combat<\/p>\n<p style=\"text-align: left; padding-left: 30px;\">Au total <strong>17 clubs<\/strong> de la r\u00e9gion Rh\u00f4ne-Alpes, repr\u00e9sent\u00e9s par <strong>54 combattants<\/strong> (40 en Jujitsu Combat, 14 en Ne-Waza).<\/p>\n<p style=\"text-align: left; padding-left: 30px;\">Le Dojo Anshin, avec ses 13 combattants, se classe <strong>premier<\/strong>, devant le Dojo Sento Furi (69), l&rsquo;Alliance Jujitsu (69), le JC Domarin (38) et le JC Sassenage (38).<\/p>\n<p style=\"text-align: left; padding-left: 30px;\">\nMerci \u00e0 tous les b\u00e9n\u00e9voles, aux commissaires sportifs et aux arbitres sans qui une telle organisation ne pourrait pas avoir lieu.<br \/>\n<br \/>Bravo \u00e0 toutes et \u00e0 tous.<br \/>\nJean-Claude et Andr\u00e9.\n<\/p>\n<ul>\n<li>F\u00e9minines<\/li>\n<ul>\n<li>3- BAROU Elodie (F MN -55)<\/li>\n<li>2- FELLMANN Clara (F MN -55)<\/li>\n<li>1- <b>GUIRAL Marie-Ange<\/b> (F MN +70)<\/li>\n<li>2- VILAR Claire (F MN -62)<\/li>\n<\/ul>\n<\/ul>\n<ul>\n<li>Masculins<\/li>\n<ul>\n<li>2 &#8211; BEHEM Martin (M MN -62 CA)<\/li>\n<li>3 &#8211; BOUGHALMI Rayan (M CO -85 CA)<\/li>\n<li>1 &#8211; <b>BUTEL Lo\u00efck<\/b> (M MN -85 CA)<\/li>\n<li>1 &#8211; <b>EXCOFFIER Quentin<\/b> (M MN -62 CA)<\/li>\n<li>1 &#8211; <b>GUIRAL Sebastien<\/b> (M MN -94)<\/li>\n<li>2 &#8211; KENGNE Villeneuve (M MN -77)<\/li>\n<li>1 &#8211; <b>MARTIN Anthony<\/b> (M MN -69)<\/li>\n<li>1 &#8211; <b>PEREZ Alexandre<\/b> (M MN -85)<\/li>\n<li>2 &#8211; VERNAY Florent (M MN -62)<\/li>\n<\/ul>\n<\/ul>\n<hr>\n<p style=\"text-align: left;\"><strong>Samedi 1 f\u00e9vrier 2014<\/strong> &#8211; Claix (38) &#8211; <strong>3\u00e8me \u00e9tape<\/strong> du circuit r\u00e9gional de Jujitsu Combat<\/p>\n<ul>\n<li>F\u00e9minines<\/li>\n<ul>\n<li>2- BAROU Elodie (F MN -55)<\/li>\n<\/ul>\n<\/ul>\n<ul>\n<li>Masculins<\/li>\n<ul>\n<li>2 &#8211; BUTTEL Lo\u00efck<\/li>\n<li>2 &#8211; EXCOFFIER Quentin<\/li>\n<li>1 &#8211; PEREZ Alexandre<\/li>\n<\/ul>\n<\/ul>\n<hr>\n<p style=\"text-align: left;\"><strong>Samedi 18 janvier 2014<\/strong> &#8211; Romans-sur-Is\u00e8re(38) &#8211; <strong>2\u00e8me \u00e9tape<\/strong> du circuit r\u00e9gional de Jujitsu Combat<\/p>\n<p style=\"text-align: left; padding-left: 30px;\">Open annul\u00e9<\/p>\n<hr>\n<p style=\"text-align: left;\"><strong>Samedi 16 novembre 2013<\/strong> &#8211; Judo Club de Thurins (69) &#8211; <strong>1\u00e8re \u00e9tape<\/strong> du circuit r\u00e9gional de Jujitsu Combat<\/p>\n<ul>\n<li>F\u00e9minines<\/li>\n<ul>\n<li>3- BAROU Elodie (F MN -55)<\/li>\n<li>2- VILAR Claire (F MN -62)<\/li>\n<\/ul>\n<\/ul>\n<ul>\n<li>Masculins<\/li>\n<ul>\n<li>3 &#8211; BUTTEL Lo\u00efck<\/li>\n<li><strong>1 &#8211; CASLANI Olivier<\/strong> (M MN +94)<\/li>\n<li><strong>1 &#8211; EXCOFFIER Quentin<\/strong><\/li>\n<li><strong>1 &#8211; GUIRAL S\u00e9bastien<\/strong> (M MN -94)<\/li>\n<li>2 &#8211; KENGNE Villeneuve (M MN -77)<\/li>\n<li><strong>1 &#8211; MARTIN Anthony<\/strong> (M MN -69)<\/li>\n<li>3 &#8211; VERNAY Florent<\/li>\n<\/ul>\n<\/ul>\n","protected":false},"excerpt":{"rendered":"<p>Samedi 24 mai 2014 &#8211; La Motte Servolex (73) &#8211; Finale du circuit r\u00e9gional Rh\u00f4ne-Alpes de Jujitsu Combat 2013-2014 F\u00e9minines 3- BAROU Elodie (F -55) 2- FELLMANN Clara (F -55), Vice Championne -55 Kg 3- VILAR Claire (F -62) Masculins 2 &#8211; BEHEM Martin (M -62 CA) Vice Champion Cadet -62 Kg 1 &#8211; BUTEL [&hellip;]<\/p>\n","protected":false},"author":2,"featured_media":0,"comment_status":"open","ping_status":"open","sticky":false,"template":"","format":"standard","meta":{"ngg_post_thumbnail":0,"footnotes":""},"categories":[5,8],"tags":[],"class_list":["post-1366","post","type-post","status-publish","format-standard","hentry","category-jujitsu","category-resultats"],"_links":{"self":[{"href":"http:\/\/www.dojo-anshin-arts-martiaux.org\/wordpress\/wp-json\/wp\/v2\/posts\/1366","targetHints":{"allow":["GET"]}}],"collection":[{"href":"http:\/\/www.dojo-anshin-arts-martiaux.org\/wordpress\/wp-json\/wp\/v2\/posts"}],"about":[{"href":"http:\/\/www.dojo-anshin-arts-martiaux.org\/wordpress\/wp-json\/wp\/v2\/types\/post"}],"author":[{"embeddable":true,"href":"http:\/\/www.dojo-anshin-arts-martiaux.org\/wordpress\/wp-json\/wp\/v2\/users\/2"}],"replies":[{"embeddable":true,"href":"http:\/\/www.dojo-anshin-arts-martiaux.org\/wordpress\/wp-json\/wp\/v2\/comments?post=1366"}],"version-history":[{"count":0,"href":"http:\/\/www.dojo-anshin-arts-martiaux.org\/wordpress\/wp-json\/wp\/v2\/posts\/1366\/revisions"}],"wp:attachment":[{"href":"http:\/\/www.dojo-anshin-arts-martiaux.org\/wordpress\/wp-json\/wp\/v2\/media?parent=1366"}],"wp:term":[{"taxonomy":"category","embeddable":true,"href":"http:\/\/www.dojo-anshin-arts-martiaux.org\/wordpress\/wp-json\/wp\/v2\/categories?post=1366"},{"taxonomy":"post_tag","embeddable":true,"href":"http:\/\/www.dojo-anshin-arts-martiaux.org\/wordpress\/wp-json\/wp\/v2\/tags?post=1366"}],"curies":[{"name":"wp","href":"https:\/\/api.w.org\/{rel}","templated":true}]}}