{"id":1477,"date":"2014-03-29T18:00:54","date_gmt":"2014-03-29T16:00:54","guid":{"rendered":"http:\/\/www.dojo-anshin-arts-martiaux.org\/wordpress\/?p=1477"},"modified":"2014-03-29T19:47:22","modified_gmt":"2014-03-29T17:47:22","slug":"open-de-jujitsu-combat-daam-2014","status":"publish","type":"post","link":"http:\/\/www.dojo-anshin-arts-martiaux.org\/wordpress\/open-de-jujitsu-combat-daam-2014\/","title":{"rendered":"Open de Jujitsu Combat DAAM 2014"},"content":{"rendered":"<p>Chers amis sportifs,<\/p>\n<p>Le <strong>Dojo Anshin Arts Martiaux<\/strong> est heureux de vous accueillir \u00e0 son 13\u00e8me open de Jujitsu Combat (4\u00e8me \u00e9tape du Circuit Rh\u00f4ne-Alpes de Jujitsu saison 2013-2014)<br \/>\nqu\u2019il organise le :<\/p>\n<p><strong>Samedi 05 Avril 2014<\/strong> \u00e0 la Maison du Judo<br \/>\n12 rue Saint Th\u00e9odore<br \/>\n69003 LYON<\/p>\n<p>(Merci \u00e0 Guy Delvingt, Charg\u00e9 de mission DTN de la Ligue Rh\u00f4ne-Alpes, pour le pr\u00eat de la salle)<\/p>\n<ul>\n<li>Accueil des participants \u00e0 partir de 12 h 30<\/li>\n<li><strong>Fin de la pes\u00e9e 13 h 30<\/strong><\/li>\n<li><strong>D\u00e9but des rencontres 14 h 00<\/strong><\/li>\n<\/ul>\n<p>Les inscriptions des combattants sont gratuites et devront \u00eatre faites UNIQUEMENT SUR l\u2019EXTRANET FEDERAL.<\/p>\n<p>Voir le <a href=\"http:\/\/www.dojo-anshin-arts-martiaux.org\/documents\/open_jujitsu_combat_DAAM_2014.pdf\" target=\"_blank\">r\u00e8glement<\/a> de ce tournoi individuel.<\/p>\n<p>M\u00eame si l\u2019\u00e9v\u00e9nement n&rsquo;est pas cr\u00e9\u00e9 sur l&rsquo;extranet de la FFJDA, nous pensons ouvrir un tapis en Ne-Waza. Merci donc d&rsquo;inscrire tout de m\u00eame les combattants sur les \u00e9v\u00e9nements \u00ab\u00a0Open Jujitsu combat\u00a0\u00bb pour avoir les listes le plus \u00e0 jour.<\/p>\n<p>Pour plus de renseignements, vous pouvez nous contacter sur notre <a href=\"http:\/\/www.dojo-anshin-arts-martiaux.org\/wordpress\/?page_id=4,\" target=\"_blank\">page de contact<\/a>.<\/p>\n<p>Les Professeurs, Jean Claude RIEU et Andr\u00e9 PEREZ<br \/>\nLe Pr\u00e9sident, Philippe CARMONA<\/p>\n","protected":false},"excerpt":{"rendered":"<p>Chers amis sportifs, Le Dojo Anshin Arts Martiaux est heureux de vous accueillir \u00e0 son 13\u00e8me open de Jujitsu Combat (4\u00e8me \u00e9tape du Circuit Rh\u00f4ne-Alpes de Jujitsu saison 2013-2014) qu\u2019il organise le : Samedi 05 Avril 2014 \u00e0 la Maison du Judo 12 rue Saint Th\u00e9odore 69003 LYON (Merci \u00e0 Guy Delvingt, Charg\u00e9 de mission [&hellip;]<\/p>\n","protected":false},"author":2,"featured_media":0,"comment_status":"open","ping_status":"open","sticky":false,"template":"","format":"standard","meta":{"ngg_post_thumbnail":0,"footnotes":""},"categories":[5,6],"tags":[],"class_list":["post-1477","post","type-post","status-publish","format-standard","hentry","category-jujitsu","category-vie-du-club"],"_links":{"self":[{"href":"http:\/\/www.dojo-anshin-arts-martiaux.org\/wordpress\/wp-json\/wp\/v2\/posts\/1477","targetHints":{"allow":["GET"]}}],"collection":[{"href":"http:\/\/www.dojo-anshin-arts-martiaux.org\/wordpress\/wp-json\/wp\/v2\/posts"}],"about":[{"href":"http:\/\/www.dojo-anshin-arts-martiaux.org\/wordpress\/wp-json\/wp\/v2\/types\/post"}],"author":[{"embeddable":true,"href":"http:\/\/www.dojo-anshin-arts-martiaux.org\/wordpress\/wp-json\/wp\/v2\/users\/2"}],"replies":[{"embeddable":true,"href":"http:\/\/www.dojo-anshin-arts-martiaux.org\/wordpress\/wp-json\/wp\/v2\/comments?post=1477"}],"version-history":[{"count":0,"href":"http:\/\/www.dojo-anshin-arts-martiaux.org\/wordpress\/wp-json\/wp\/v2\/posts\/1477\/revisions"}],"wp:attachment":[{"href":"http:\/\/www.dojo-anshin-arts-martiaux.org\/wordpress\/wp-json\/wp\/v2\/media?parent=1477"}],"wp:term":[{"taxonomy":"category","embeddable":true,"href":"http:\/\/www.dojo-anshin-arts-martiaux.org\/wordpress\/wp-json\/wp\/v2\/categories?post=1477"},{"taxonomy":"post_tag","embeddable":true,"href":"http:\/\/www.dojo-anshin-arts-martiaux.org\/wordpress\/wp-json\/wp\/v2\/tags?post=1477"}],"curies":[{"name":"wp","href":"https:\/\/api.w.org\/{rel}","templated":true}]}}