{"id":1536,"date":"2014-08-21T18:00:10","date_gmt":"2014-08-21T16:00:10","guid":{"rendered":"http:\/\/www.dojo-anshin-arts-martiaux.org\/wordpress\/?p=1536"},"modified":"2014-08-21T22:54:20","modified_gmt":"2014-08-21T20:54:20","slug":"decrassage-avant-la-rentree-2","status":"publish","type":"post","link":"http:\/\/www.dojo-anshin-arts-martiaux.org\/wordpress\/decrassage-avant-la-rentree-2\/","title":{"rendered":"\u00ab\u00a0D\u00e9crassage\u00a0\u00bb avant la rentr\u00e9e"},"content":{"rendered":"<p>Bonjour,<\/p>\n<p>Comme chaque ann\u00e9e, pour les plus courageux(ses), un petit d\u00e9crassage d&rsquo;\u00e9t\u00e9 est organis\u00e9 avant la reprise, au parc de Lacroix-Laval, chaque lundi et jeudi \u00e0 partir de 18h30.<\/p>\n<p>D\u00e9but des festivit\u00e9s: <b>lundi 25 ao\u00fbt 2014<\/b>.<br \/>\nRendez-vous: \u00e0 partir de <b>18h30<\/b>, entr\u00e9e principale du parc.<br \/>\nTee-shirt \u00ab\u00a0Dojo Anshin\u00a0\u00bb obligatoire !<\/p>\n<p>Si certains veulent travailler les UVs (UV2, UV3, UV4 pour le 21 d\u00e9cembre 2014), ou les Katas (UV1 pour le 15 novembre 2014 ou le 21 d\u00e9cembre 2014), qu&rsquo;ils se manifestent ! Possibilit\u00e9 de les travailler le lundi et le jeudi de 18h30 \u00e0 20h00.<\/p>\n<p>Reprise des cours: <b>lundi 15 septembre 2014<\/b>.<\/p>\n<p>A bient\u00f4t.<br \/>\nJean-Claude et Andr\u00e9.<\/p>\n","protected":false},"excerpt":{"rendered":"<p>Bonjour, Comme chaque ann\u00e9e, pour les plus courageux(ses), un petit d\u00e9crassage d&rsquo;\u00e9t\u00e9 est organis\u00e9 avant la reprise, au parc de Lacroix-Laval, chaque lundi et jeudi \u00e0 partir de 18h30. D\u00e9but des festivit\u00e9s: lundi 25 ao\u00fbt 2014. Rendez-vous: \u00e0 partir de 18h30, entr\u00e9e principale du parc. Tee-shirt \u00ab\u00a0Dojo Anshin\u00a0\u00bb obligatoire ! Si certains veulent travailler les [&hellip;]<\/p>\n","protected":false},"author":2,"featured_media":0,"comment_status":"open","ping_status":"open","sticky":false,"template":"","format":"standard","meta":{"ngg_post_thumbnail":0,"footnotes":""},"categories":[6],"tags":[],"class_list":["post-1536","post","type-post","status-publish","format-standard","hentry","category-vie-du-club"],"_links":{"self":[{"href":"http:\/\/www.dojo-anshin-arts-martiaux.org\/wordpress\/wp-json\/wp\/v2\/posts\/1536","targetHints":{"allow":["GET"]}}],"collection":[{"href":"http:\/\/www.dojo-anshin-arts-martiaux.org\/wordpress\/wp-json\/wp\/v2\/posts"}],"about":[{"href":"http:\/\/www.dojo-anshin-arts-martiaux.org\/wordpress\/wp-json\/wp\/v2\/types\/post"}],"author":[{"embeddable":true,"href":"http:\/\/www.dojo-anshin-arts-martiaux.org\/wordpress\/wp-json\/wp\/v2\/users\/2"}],"replies":[{"embeddable":true,"href":"http:\/\/www.dojo-anshin-arts-martiaux.org\/wordpress\/wp-json\/wp\/v2\/comments?post=1536"}],"version-history":[{"count":0,"href":"http:\/\/www.dojo-anshin-arts-martiaux.org\/wordpress\/wp-json\/wp\/v2\/posts\/1536\/revisions"}],"wp:attachment":[{"href":"http:\/\/www.dojo-anshin-arts-martiaux.org\/wordpress\/wp-json\/wp\/v2\/media?parent=1536"}],"wp:term":[{"taxonomy":"category","embeddable":true,"href":"http:\/\/www.dojo-anshin-arts-martiaux.org\/wordpress\/wp-json\/wp\/v2\/categories?post=1536"},{"taxonomy":"post_tag","embeddable":true,"href":"http:\/\/www.dojo-anshin-arts-martiaux.org\/wordpress\/wp-json\/wp\/v2\/tags?post=1536"}],"curies":[{"name":"wp","href":"https:\/\/api.w.org\/{rel}","templated":true}]}}