{"id":1997,"date":"2016-02-05T17:00:44","date_gmt":"2016-02-05T15:00:44","guid":{"rendered":"http:\/\/www.dojo-anshin-arts-martiaux.org\/wordpress\/?p=1997"},"modified":"2016-02-05T17:00:44","modified_gmt":"2016-02-05T15:00:44","slug":"shiai-passage-de-grade-combat-du-24-janvier-2016","status":"publish","type":"post","link":"http:\/\/www.dojo-anshin-arts-martiaux.org\/wordpress\/shiai-passage-de-grade-combat-du-24-janvier-2016\/","title":{"rendered":"Shiai &#8211; Passage de grade \u00ab\u00a0combat\u00a0\u00bb du 24 janvier 2016"},"content":{"rendered":"<p>R\u00e9sultat du Passage de grade de Bourg de P\u00e9age:<\/p>\n<p><strong><span style=\"text-decoration: underline\">Ceinture marron combattait pour le 1er dan:\u00a0<\/span><\/strong><br \/>\n&#8211; Arnaud MARTY : 10 points marqu\u00e9s \u2013 Cumul 107\/100<br \/>\n<strong>F\u00e9licitations \u00e0 Arnaud<\/strong>, il termine ainsi ses \u00e9preuves et obtient sa Ceinture Noire, apr\u00e8s de tr\u00e8s belles prestations \u00e0 chaque shiai.<\/p>\n<p><strong><span style=\"text-decoration: underline\">Ceinture\u00a0noire 2\u00e8me dan\u00a0combattait pour le\u00a03\u00e8me dan:\u00a0<\/span><\/strong><br \/>\n&#8211; Xavier Ferreira de Lima: 30 points marqu\u00e9s \u2013 Cumul 30\/120 !!<br \/>\nBravo beau retour \u00e0 la comp\u00e9tition!<\/p>\n<p><strong><span style=\"text-decoration: underline\">Ceinture\u00a0noire 1er dan\u00a0combattait pour le 2\u00e8me dan:\u00a0<\/span><\/strong><br \/>\n&#8211; \u00c9rik GRANGE : 30 points marqu\u00e9s \u2013 Cumul 30\/100<br \/>\nBravo beau retour \u00e0 la comp\u00e9tition \u00e9galement !<\/p>\n","protected":false},"excerpt":{"rendered":"<p>R\u00e9sultat du Passage de grade de Bourg de P\u00e9age: Ceinture marron combattait pour le 1er dan:\u00a0 &#8211; Arnaud MARTY : 10 points marqu\u00e9s \u2013 Cumul 107\/100 F\u00e9licitations \u00e0 Arnaud, il termine ainsi ses \u00e9preuves et obtient sa Ceinture Noire, apr\u00e8s de tr\u00e8s belles prestations \u00e0 chaque shiai. Ceinture\u00a0noire 2\u00e8me dan\u00a0combattait pour le\u00a03\u00e8me dan:\u00a0 &#8211; Xavier [&hellip;]<\/p>\n","protected":false},"author":2,"featured_media":0,"comment_status":"open","ping_status":"open","sticky":false,"template":"","format":"standard","meta":{"ngg_post_thumbnail":0,"footnotes":""},"categories":[4,7,6],"tags":[],"class_list":["post-1997","post","type-post","status-publish","format-standard","hentry","category-judo","category-passage-de-grades","category-vie-du-club"],"_links":{"self":[{"href":"http:\/\/www.dojo-anshin-arts-martiaux.org\/wordpress\/wp-json\/wp\/v2\/posts\/1997","targetHints":{"allow":["GET"]}}],"collection":[{"href":"http:\/\/www.dojo-anshin-arts-martiaux.org\/wordpress\/wp-json\/wp\/v2\/posts"}],"about":[{"href":"http:\/\/www.dojo-anshin-arts-martiaux.org\/wordpress\/wp-json\/wp\/v2\/types\/post"}],"author":[{"embeddable":true,"href":"http:\/\/www.dojo-anshin-arts-martiaux.org\/wordpress\/wp-json\/wp\/v2\/users\/2"}],"replies":[{"embeddable":true,"href":"http:\/\/www.dojo-anshin-arts-martiaux.org\/wordpress\/wp-json\/wp\/v2\/comments?post=1997"}],"version-history":[{"count":3,"href":"http:\/\/www.dojo-anshin-arts-martiaux.org\/wordpress\/wp-json\/wp\/v2\/posts\/1997\/revisions"}],"predecessor-version":[{"id":2000,"href":"http:\/\/www.dojo-anshin-arts-martiaux.org\/wordpress\/wp-json\/wp\/v2\/posts\/1997\/revisions\/2000"}],"wp:attachment":[{"href":"http:\/\/www.dojo-anshin-arts-martiaux.org\/wordpress\/wp-json\/wp\/v2\/media?parent=1997"}],"wp:term":[{"taxonomy":"category","embeddable":true,"href":"http:\/\/www.dojo-anshin-arts-martiaux.org\/wordpress\/wp-json\/wp\/v2\/categories?post=1997"},{"taxonomy":"post_tag","embeddable":true,"href":"http:\/\/www.dojo-anshin-arts-martiaux.org\/wordpress\/wp-json\/wp\/v2\/tags?post=1997"}],"curies":[{"name":"wp","href":"https:\/\/api.w.org\/{rel}","templated":true}]}}