{"id":2001,"date":"2016-02-07T10:48:52","date_gmt":"2016-02-07T08:48:52","guid":{"rendered":"http:\/\/www.dojo-anshin-arts-martiaux.org\/wordpress\/?p=2001"},"modified":"2016-02-07T10:48:52","modified_gmt":"2016-02-07T08:48:52","slug":"open-regional-de-claix-samedi-6-fevrier-2016","status":"publish","type":"post","link":"http:\/\/www.dojo-anshin-arts-martiaux.org\/wordpress\/open-regional-de-claix-samedi-6-fevrier-2016\/","title":{"rendered":"Open r\u00e9gional de Claix &#8211; Samedi 6 F\u00e9vrier 2016"},"content":{"rendered":"<p>Belle journ\u00e9e pour le Dojo Anshin!!<\/p>\n<p>Chez les benjamins:<br \/>\nHelio Rieu 1er<br \/>\nL\u00e9o Conductier 1er<span class=\"text_exposed_show\"><br \/>\nMedhi Lameche 2eme<br \/>\nEvan Meghar 2eme<br \/>\nRodrigue Godard 3eme<br \/>\nJulien Lamure 4eme<\/span><\/p>\n<div class=\"text_exposed_show\">\n<p>Chez les minimes:<\/p>\n<p>Lilian Poulard 1er<br \/>\nLucas Battiston 1er<br \/>\nJulien Gomez 2eme<br \/>\nOscar Madinier 3eme<br \/>\nQuentin Sautreuil 2eme<\/p>\n<p>Chez les cadets :<\/p>\n<p>Rayan Boughalmi 1er<br \/>\nAmbroise Dauphin 2eme<br \/>\nPierre Bonnard 2eme<br \/>\nMarius Couturier 2eme<br \/>\nKillian Deray: 4eme<\/p>\n<p>Chez les juniors\/seniors<\/p>\n<p>Naim Nouir :1er<br \/>\nVirginie Di Mauro : 1\u00e8re<br \/>\nElodie Barou : 2 eme<br \/>\nYoann Kassapian : 2eme<br \/>\nThibault Delmas : 3eme<br \/>\nBrandon Rieu : 3eme<br \/>\nFanny Jambon :3eme<\/p>\n<p>Ce fut une belle journ\u00e9e, vous nous avez manqu\u00e9 Alexandre Perez, Martin Behem, Tanguy Voyant,Loick Butel et Anthony Martin, mais c&rsquo;\u00e9tait pour la bonne cause : encore s\u00e9lectionn\u00e9s a l&rsquo;INSEP!!!<i class=\"_4-k1 img sp_UkKp2mjPS47 sx_aca62a\"><span style=\"text-decoration: underline\"><\/span><\/i><i class=\"_4-k1 img sp_UkKp2mjPS47 sx_aca62a\"><span style=\"text-decoration: underline\"><\/span><\/i><i class=\"_4-k1 img sp_UkKp2mjPS47 sx_aca62a\"><span style=\"text-decoration: underline\"><\/span><\/i><i class=\"_4-k1 img sp_UkKp2mjPS47 sx_aca62a\"><span style=\"text-decoration: underline\"><\/span><\/i><i class=\"_4-k1 img sp_UkKp2mjPS47 sx_aca62a\"><span style=\"text-decoration: underline\"><\/span><\/i><i class=\"_4-k1 img sp_UkKp2mjPS47 sx_aca62a\"><span style=\"text-decoration: underline\"><\/span><\/i><\/p>\n<p>Paul Moreau, Marie-Ange et Seb, Dalil Nouir, r\u00e9tablissez-vous vite!!!! Et revenez vite sur les tapis!!!<\/p>\n<p>Et aussi toute l&rsquo;\u00e9quipe de Benjamins\/minimes!!!<\/p>\n<\/div>\n","protected":false},"excerpt":{"rendered":"<p>Belle journ\u00e9e pour le Dojo Anshin!! Chez les benjamins: Helio Rieu 1er L\u00e9o Conductier 1er Medhi Lameche 2eme Evan Meghar 2eme Rodrigue Godard 3eme Julien Lamure 4eme Chez les minimes: Lilian Poulard 1er Lucas Battiston 1er Julien Gomez 2eme Oscar Madinier 3eme Quentin Sautreuil 2eme Chez les cadets : Rayan Boughalmi 1er Ambroise Dauphin 2eme [&hellip;]<\/p>\n","protected":false},"author":2,"featured_media":0,"comment_status":"open","ping_status":"open","sticky":false,"template":"","format":"standard","meta":{"ngg_post_thumbnail":0,"footnotes":""},"categories":[5,8,6],"tags":[],"class_list":["post-2001","post","type-post","status-publish","format-standard","hentry","category-jujitsu","category-resultats","category-vie-du-club"],"_links":{"self":[{"href":"http:\/\/www.dojo-anshin-arts-martiaux.org\/wordpress\/wp-json\/wp\/v2\/posts\/2001","targetHints":{"allow":["GET"]}}],"collection":[{"href":"http:\/\/www.dojo-anshin-arts-martiaux.org\/wordpress\/wp-json\/wp\/v2\/posts"}],"about":[{"href":"http:\/\/www.dojo-anshin-arts-martiaux.org\/wordpress\/wp-json\/wp\/v2\/types\/post"}],"author":[{"embeddable":true,"href":"http:\/\/www.dojo-anshin-arts-martiaux.org\/wordpress\/wp-json\/wp\/v2\/users\/2"}],"replies":[{"embeddable":true,"href":"http:\/\/www.dojo-anshin-arts-martiaux.org\/wordpress\/wp-json\/wp\/v2\/comments?post=2001"}],"version-history":[{"count":1,"href":"http:\/\/www.dojo-anshin-arts-martiaux.org\/wordpress\/wp-json\/wp\/v2\/posts\/2001\/revisions"}],"predecessor-version":[{"id":2002,"href":"http:\/\/www.dojo-anshin-arts-martiaux.org\/wordpress\/wp-json\/wp\/v2\/posts\/2001\/revisions\/2002"}],"wp:attachment":[{"href":"http:\/\/www.dojo-anshin-arts-martiaux.org\/wordpress\/wp-json\/wp\/v2\/media?parent=2001"}],"wp:term":[{"taxonomy":"category","embeddable":true,"href":"http:\/\/www.dojo-anshin-arts-martiaux.org\/wordpress\/wp-json\/wp\/v2\/categories?post=2001"},{"taxonomy":"post_tag","embeddable":true,"href":"http:\/\/www.dojo-anshin-arts-martiaux.org\/wordpress\/wp-json\/wp\/v2\/tags?post=2001"}],"curies":[{"name":"wp","href":"https:\/\/api.w.org\/{rel}","templated":true}]}}