{"id":2003,"date":"2016-02-12T15:23:49","date_gmt":"2016-02-12T13:23:49","guid":{"rendered":"http:\/\/www.dojo-anshin-arts-martiaux.org\/wordpress\/?p=2003"},"modified":"2016-02-12T15:23:49","modified_gmt":"2016-02-12T13:23:49","slug":"vacances-de-fevrier-2016","status":"publish","type":"post","link":"http:\/\/www.dojo-anshin-arts-martiaux.org\/wordpress\/vacances-de-fevrier-2016\/","title":{"rendered":"Vacances de f\u00e9vrier 2016"},"content":{"rendered":"<p>Les vacances scolaires de f\u00e9vrier 2016 d\u00e9marrent ce soir, vendredi 12 f\u00e9vrier 2016 et se terminent le lundi 29 f\u00e9vrier au matin.<\/p>\n<p>Le dojo est ferm\u00e9 pendant cette p\u00e9riode de vacances scolaires, pour tous les cours enfants: d&rsquo;\u00e9veil \u00e0 minime.<\/p>\n<p>Pour les cadets, junior et senior, pas de cours non plus la 1\u00e8re semaine. Par contre, pour ceux qui le souhaitent 3 entra\u00eenements sont propos\u00e9s la 2\u00e8me semaine des vacances: le lundi 22, mercredi 24 et vendredi 26 f\u00e9vrier 2016 aux horaires habituels: 19h30 &#8211; 21h30.<\/p>\n<p>Ces entra\u00eenements sont destin\u00e9s \u00e0 la pr\u00e9paration physique ainsi qu&rsquo;aux r\u00e9visions techniques.<\/p>\n<p>Reprise de tous les cours, le lundi 29 f\u00e9vrier.<\/p>\n<p>Bonne poudreuse aux skieurs, bon repos aux autres vacanciers et bon courage \u00e0 ceux qui ne prennent pas de vacances!!<\/p>\n<p>Chris<\/p>\n","protected":false},"excerpt":{"rendered":"<p>Les vacances scolaires de f\u00e9vrier 2016 d\u00e9marrent ce soir, vendredi 12 f\u00e9vrier 2016 et se terminent le lundi 29 f\u00e9vrier au matin. Le dojo est ferm\u00e9 pendant cette p\u00e9riode de vacances scolaires, pour tous les cours enfants: d&rsquo;\u00e9veil \u00e0 minime. Pour les cadets, junior et senior, pas de cours non plus la 1\u00e8re semaine. Par [&hellip;]<\/p>\n","protected":false},"author":2,"featured_media":0,"comment_status":"open","ping_status":"open","sticky":false,"template":"","format":"standard","meta":{"ngg_post_thumbnail":0,"footnotes":""},"categories":[4,5,1,6],"tags":[],"class_list":["post-2003","post","type-post","status-publish","format-standard","hentry","category-judo","category-jujitsu","category-non-classe","category-vie-du-club"],"_links":{"self":[{"href":"http:\/\/www.dojo-anshin-arts-martiaux.org\/wordpress\/wp-json\/wp\/v2\/posts\/2003","targetHints":{"allow":["GET"]}}],"collection":[{"href":"http:\/\/www.dojo-anshin-arts-martiaux.org\/wordpress\/wp-json\/wp\/v2\/posts"}],"about":[{"href":"http:\/\/www.dojo-anshin-arts-martiaux.org\/wordpress\/wp-json\/wp\/v2\/types\/post"}],"author":[{"embeddable":true,"href":"http:\/\/www.dojo-anshin-arts-martiaux.org\/wordpress\/wp-json\/wp\/v2\/users\/2"}],"replies":[{"embeddable":true,"href":"http:\/\/www.dojo-anshin-arts-martiaux.org\/wordpress\/wp-json\/wp\/v2\/comments?post=2003"}],"version-history":[{"count":3,"href":"http:\/\/www.dojo-anshin-arts-martiaux.org\/wordpress\/wp-json\/wp\/v2\/posts\/2003\/revisions"}],"predecessor-version":[{"id":2006,"href":"http:\/\/www.dojo-anshin-arts-martiaux.org\/wordpress\/wp-json\/wp\/v2\/posts\/2003\/revisions\/2006"}],"wp:attachment":[{"href":"http:\/\/www.dojo-anshin-arts-martiaux.org\/wordpress\/wp-json\/wp\/v2\/media?parent=2003"}],"wp:term":[{"taxonomy":"category","embeddable":true,"href":"http:\/\/www.dojo-anshin-arts-martiaux.org\/wordpress\/wp-json\/wp\/v2\/categories?post=2003"},{"taxonomy":"post_tag","embeddable":true,"href":"http:\/\/www.dojo-anshin-arts-martiaux.org\/wordpress\/wp-json\/wp\/v2\/tags?post=2003"}],"curies":[{"name":"wp","href":"https:\/\/api.w.org\/{rel}","templated":true}]}}