{"id":2008,"date":"2016-03-07T17:45:31","date_gmt":"2016-03-07T15:45:31","guid":{"rendered":"http:\/\/www.dojo-anshin-arts-martiaux.org\/wordpress\/?p=2008"},"modified":"2016-03-07T17:45:31","modified_gmt":"2016-03-07T15:45:31","slug":"passages-de-grade-technique-et-shiai","status":"publish","type":"post","link":"http:\/\/www.dojo-anshin-arts-martiaux.org\/wordpress\/passages-de-grade-technique-et-shiai\/","title":{"rendered":"Passages de grade Technique et Shia\u00ef"},"content":{"rendered":"<p><span style=\"text-decoration: underline\">Samedi 13 f\u00e9vrier \u00e0 la Maison du Judo \u00e0 Lyon:<\/span><br \/>\nIsabelle LOQUES a valid\u00e9 son UV Kata en pr\u00e9sentant le Goshin Jitsu pour son 1er Dan: f\u00e9licitations !!!<br \/>\nBravo et merci \u00e0 sa partenaire: Claire Vilar<\/p>\n<p><span style=\"text-decoration: underline\">Dimanche 6 mars \u00e0 Ceyrat (Auvergne) &#8211; Shiai pour la Ceinture noire 1er dan:<\/span><br \/>\nThibaut PEREIRA marque 30 points &#8211; Cumul avec les pr\u00e9c\u00e9dent: 50\/100 &#8211; Bravo, la moiti\u00e9 du chemin est parcourue<\/p>\n","protected":false},"excerpt":{"rendered":"<p>Samedi 13 f\u00e9vrier \u00e0 la Maison du Judo \u00e0 Lyon: Isabelle LOQUES a valid\u00e9 son UV Kata en pr\u00e9sentant le Goshin Jitsu pour son 1er Dan: f\u00e9licitations !!! Bravo et merci \u00e0 sa partenaire: Claire Vilar Dimanche 6 mars \u00e0 Ceyrat (Auvergne) &#8211; Shiai pour la Ceinture noire 1er dan: Thibaut PEREIRA marque 30 points [&hellip;]<\/p>\n","protected":false},"author":2,"featured_media":0,"comment_status":"open","ping_status":"open","sticky":false,"template":"","format":"standard","meta":{"ngg_post_thumbnail":0,"footnotes":""},"categories":[4,7,8,6],"tags":[],"class_list":["post-2008","post","type-post","status-publish","format-standard","hentry","category-judo","category-passage-de-grades","category-resultats","category-vie-du-club"],"_links":{"self":[{"href":"http:\/\/www.dojo-anshin-arts-martiaux.org\/wordpress\/wp-json\/wp\/v2\/posts\/2008","targetHints":{"allow":["GET"]}}],"collection":[{"href":"http:\/\/www.dojo-anshin-arts-martiaux.org\/wordpress\/wp-json\/wp\/v2\/posts"}],"about":[{"href":"http:\/\/www.dojo-anshin-arts-martiaux.org\/wordpress\/wp-json\/wp\/v2\/types\/post"}],"author":[{"embeddable":true,"href":"http:\/\/www.dojo-anshin-arts-martiaux.org\/wordpress\/wp-json\/wp\/v2\/users\/2"}],"replies":[{"embeddable":true,"href":"http:\/\/www.dojo-anshin-arts-martiaux.org\/wordpress\/wp-json\/wp\/v2\/comments?post=2008"}],"version-history":[{"count":3,"href":"http:\/\/www.dojo-anshin-arts-martiaux.org\/wordpress\/wp-json\/wp\/v2\/posts\/2008\/revisions"}],"predecessor-version":[{"id":2011,"href":"http:\/\/www.dojo-anshin-arts-martiaux.org\/wordpress\/wp-json\/wp\/v2\/posts\/2008\/revisions\/2011"}],"wp:attachment":[{"href":"http:\/\/www.dojo-anshin-arts-martiaux.org\/wordpress\/wp-json\/wp\/v2\/media?parent=2008"}],"wp:term":[{"taxonomy":"category","embeddable":true,"href":"http:\/\/www.dojo-anshin-arts-martiaux.org\/wordpress\/wp-json\/wp\/v2\/categories?post=2008"},{"taxonomy":"post_tag","embeddable":true,"href":"http:\/\/www.dojo-anshin-arts-martiaux.org\/wordpress\/wp-json\/wp\/v2\/tags?post=2008"}],"curies":[{"name":"wp","href":"https:\/\/api.w.org\/{rel}","templated":true}]}}