{"id":2042,"date":"2016-04-10T10:57:31","date_gmt":"2016-04-10T08:57:31","guid":{"rendered":"http:\/\/www.dojo-anshin-arts-martiaux.org\/wordpress\/?p=2042"},"modified":"2016-04-10T10:57:31","modified_gmt":"2016-04-10T08:57:31","slug":"vacances-de-printemps","status":"publish","type":"post","link":"http:\/\/www.dojo-anshin-arts-martiaux.org\/wordpress\/vacances-de-printemps\/","title":{"rendered":"Vacances de Printemps"},"content":{"rendered":"<p>Les vacances scolaires de printemps 2016 d\u00e9marrent ce vendredi 8 avril 2016 et se terminent le lundi 25 avril au matin.<\/p>\n<p>Le dojo est ferm\u00e9 pendant cette p\u00e9riode de vacances scolaires, pour tous les cours enfants: d&rsquo;\u00e9veil \u00e0 minime.<\/p>\n<p>Pour les cadets, junior et senior, qui le souhaitent 3 entra\u00eenements sont propos\u00e9s chaque semaine des vacances: le lundi, mercredi et vendredi \u00a0aux horaires habituels: 19h30 &#8211; 21h30.<\/p>\n<p>Ces entra\u00eenements sont dirig\u00e9s et destin\u00e9s \u00e0 la pr\u00e9paration physique, r\u00e9visions techniques, pr\u00e9paration des shais et open de jujitsu.<\/p>\n<p>Reprise de tous les cours, le lundi 25 avril 2016.<\/p>\n<p>Bonne vacances \u00e0 ceux qui en ont et \u00e0 tr\u00e8s vite sur le tapis.<\/p>\n<p>Chris<\/p>\n","protected":false},"excerpt":{"rendered":"<p>Les vacances scolaires de printemps 2016 d\u00e9marrent ce vendredi 8 avril 2016 et se terminent le lundi 25 avril au matin. Le dojo est ferm\u00e9 pendant cette p\u00e9riode de vacances scolaires, pour tous les cours enfants: d&rsquo;\u00e9veil \u00e0 minime. Pour les cadets, junior et senior, qui le souhaitent 3 entra\u00eenements sont propos\u00e9s chaque semaine des [&hellip;]<\/p>\n","protected":false},"author":2,"featured_media":0,"comment_status":"open","ping_status":"open","sticky":false,"template":"","format":"standard","meta":{"ngg_post_thumbnail":0,"footnotes":""},"categories":[4,5,6],"tags":[],"class_list":["post-2042","post","type-post","status-publish","format-standard","hentry","category-judo","category-jujitsu","category-vie-du-club"],"_links":{"self":[{"href":"http:\/\/www.dojo-anshin-arts-martiaux.org\/wordpress\/wp-json\/wp\/v2\/posts\/2042","targetHints":{"allow":["GET"]}}],"collection":[{"href":"http:\/\/www.dojo-anshin-arts-martiaux.org\/wordpress\/wp-json\/wp\/v2\/posts"}],"about":[{"href":"http:\/\/www.dojo-anshin-arts-martiaux.org\/wordpress\/wp-json\/wp\/v2\/types\/post"}],"author":[{"embeddable":true,"href":"http:\/\/www.dojo-anshin-arts-martiaux.org\/wordpress\/wp-json\/wp\/v2\/users\/2"}],"replies":[{"embeddable":true,"href":"http:\/\/www.dojo-anshin-arts-martiaux.org\/wordpress\/wp-json\/wp\/v2\/comments?post=2042"}],"version-history":[{"count":2,"href":"http:\/\/www.dojo-anshin-arts-martiaux.org\/wordpress\/wp-json\/wp\/v2\/posts\/2042\/revisions"}],"predecessor-version":[{"id":2044,"href":"http:\/\/www.dojo-anshin-arts-martiaux.org\/wordpress\/wp-json\/wp\/v2\/posts\/2042\/revisions\/2044"}],"wp:attachment":[{"href":"http:\/\/www.dojo-anshin-arts-martiaux.org\/wordpress\/wp-json\/wp\/v2\/media?parent=2042"}],"wp:term":[{"taxonomy":"category","embeddable":true,"href":"http:\/\/www.dojo-anshin-arts-martiaux.org\/wordpress\/wp-json\/wp\/v2\/categories?post=2042"},{"taxonomy":"post_tag","embeddable":true,"href":"http:\/\/www.dojo-anshin-arts-martiaux.org\/wordpress\/wp-json\/wp\/v2\/tags?post=2042"}],"curies":[{"name":"wp","href":"https:\/\/api.w.org\/{rel}","templated":true}]}}