{"id":2083,"date":"2016-06-19T18:02:34","date_gmt":"2016-06-19T16:02:34","guid":{"rendered":"http:\/\/www.dojo-anshin-arts-martiaux.org\/wordpress\/?p=2083"},"modified":"2016-06-19T20:07:56","modified_gmt":"2016-06-19T18:07:56","slug":"passage-de-grades-techniques-et-katas-du-19-juin-2016","status":"publish","type":"post","link":"http:\/\/www.dojo-anshin-arts-martiaux.org\/wordpress\/passage-de-grades-techniques-et-katas-du-19-juin-2016\/","title":{"rendered":"Passage de grades techniques et katas du 19 juin 2016"},"content":{"rendered":"<p>Une belle journ\u00e9e de r\u00e9ussites pour la plupart des candidats du Dojo Anshin:<\/p>\n<p><span style=\"text-decoration: underline\">&#8211; Fernand PEREIRA<\/span> valide son UV 2: techniques de judo debout \u00a0et sol, avec son fils Thibaud comme uke, merci \u00e0 lui. Fernand obtient ainsi sa ceinture noire.<br \/>\nF\u00e9licitations Fernand !<\/p>\n<p><span style=\"text-decoration: underline\">&#8211; V\u00e9ronique PEREIRA<\/span>\u00a0valide elle aussi son UV 2: Techniques de judo debout et sol, avec une mention sp\u00e9ciale du jury qui a appr\u00e9ci\u00e9 la force de caract\u00e8re qu&rsquo;elle a su exprimer \u00e0 travers son judo. V\u00e9ronique obtient \u00e9galement sa ceinture noire.<br \/>\n\u00ab\u00a0C&rsquo;est bien V\u00e9ro!!!\u00a0\u00bb<\/p>\n<p><span style=\"text-decoration: underline\">&#8211; Christian DELMAS<\/span>\u00a0valide \u00e9galement son UV 2: techniques de judo debout et sol. F\u00e9licit\u00e9 pour son travail et la bonne forme des techniques de son programme. Christian obtient \u00e9galement sa ceinture noire.<br \/>\nBravo Christian.<\/p>\n<p>Bienvenu \u00e0 vous trois dans la famille des ceintures noires, vous allez pouvoir commencer \u00e0 faire du judo!<\/p>\n<p><span style=\"text-decoration: underline\">&#8211; Fanny JAMBON et Francis MOULIS<\/span> valident tous les deux leur premier UV \u00e0 savoir le kata en pr\u00e9sentant avec succ\u00e8s le Goshin Jitsu.<br \/>\nBravo \u00e0 vous deux et bon courage pour la suite de votre pr\u00e9paration.<\/p>\n<p><span style=\"text-decoration: underline\">&#8211; Thomas MICOL<\/span> valide \u00e9galement son Kata, le Nage no Kata en ce qui le concerne. Merci \u00e0 son super Uk\u00e9 Jeff ALCAZAR.<br \/>\nBravo Thomas maintenant il faut te pr\u00e9parer pour les shiais.<\/p>\n<p><span style=\"text-decoration: underline\">&#8211; Pierre et Alexandre LAPALUT<\/span> valident \u00e9galement leur Nage No Kata. Bravo \u00e0 vous, bienvenus au Dojo Anshin et vous aussi bon courage pour les Shiais, vous pouvez compter sur nous on va bien vous pr\u00e9parer.<\/p>\n<p>Une mention sp\u00e9ciale \u00e0 Isa pour sa prestation d&rsquo;aujourd&rsquo;hui. Elle ne valide h\u00e9las pas sa derni\u00e8re UV malgr\u00e9 son lourd travail et sa prestation. Nous tenions \u00e0 le souligner car claire et Isa ont tout de m\u00eame pr\u00e9sent\u00e9 leur travail malgr\u00e9 la s\u00e9v\u00e8re blessure de Claire vendredi \u00e0 l&rsquo;entra\u00eenement et la longue attente pour le passage&#8230; Une vraie le\u00e7on de courage ! Bravo les filles ce n&rsquo;est que partie remise!<\/p>\n","protected":false},"excerpt":{"rendered":"<p>Une belle journ\u00e9e de r\u00e9ussites pour la plupart des candidats du Dojo Anshin: &#8211; Fernand PEREIRA valide son UV 2: techniques de judo debout \u00a0et sol, avec son fils Thibaud comme uke, merci \u00e0 lui. Fernand obtient ainsi sa ceinture noire. F\u00e9licitations Fernand ! &#8211; V\u00e9ronique PEREIRA\u00a0valide elle aussi son UV 2: Techniques de judo [&hellip;]<\/p>\n","protected":false},"author":2,"featured_media":0,"comment_status":"open","ping_status":"open","sticky":false,"template":"","format":"standard","meta":{"ngg_post_thumbnail":0,"footnotes":""},"categories":[4,5,7,8,6],"tags":[],"class_list":["post-2083","post","type-post","status-publish","format-standard","hentry","category-judo","category-jujitsu","category-passage-de-grades","category-resultats","category-vie-du-club"],"_links":{"self":[{"href":"http:\/\/www.dojo-anshin-arts-martiaux.org\/wordpress\/wp-json\/wp\/v2\/posts\/2083","targetHints":{"allow":["GET"]}}],"collection":[{"href":"http:\/\/www.dojo-anshin-arts-martiaux.org\/wordpress\/wp-json\/wp\/v2\/posts"}],"about":[{"href":"http:\/\/www.dojo-anshin-arts-martiaux.org\/wordpress\/wp-json\/wp\/v2\/types\/post"}],"author":[{"embeddable":true,"href":"http:\/\/www.dojo-anshin-arts-martiaux.org\/wordpress\/wp-json\/wp\/v2\/users\/2"}],"replies":[{"embeddable":true,"href":"http:\/\/www.dojo-anshin-arts-martiaux.org\/wordpress\/wp-json\/wp\/v2\/comments?post=2083"}],"version-history":[{"count":5,"href":"http:\/\/www.dojo-anshin-arts-martiaux.org\/wordpress\/wp-json\/wp\/v2\/posts\/2083\/revisions"}],"predecessor-version":[{"id":2088,"href":"http:\/\/www.dojo-anshin-arts-martiaux.org\/wordpress\/wp-json\/wp\/v2\/posts\/2083\/revisions\/2088"}],"wp:attachment":[{"href":"http:\/\/www.dojo-anshin-arts-martiaux.org\/wordpress\/wp-json\/wp\/v2\/media?parent=2083"}],"wp:term":[{"taxonomy":"category","embeddable":true,"href":"http:\/\/www.dojo-anshin-arts-martiaux.org\/wordpress\/wp-json\/wp\/v2\/categories?post=2083"},{"taxonomy":"post_tag","embeddable":true,"href":"http:\/\/www.dojo-anshin-arts-martiaux.org\/wordpress\/wp-json\/wp\/v2\/tags?post=2083"}],"curies":[{"name":"wp","href":"https:\/\/api.w.org\/{rel}","templated":true}]}}