{"id":2101,"date":"2016-08-22T10:54:22","date_gmt":"2016-08-22T08:54:22","guid":{"rendered":"http:\/\/www.dojo-anshin-arts-martiaux.org\/wordpress\/?p=2101"},"modified":"2016-08-27T08:26:41","modified_gmt":"2016-08-27T06:26:41","slug":"nouvelle-saison-20162017","status":"publish","type":"post","link":"http:\/\/www.dojo-anshin-arts-martiaux.org\/wordpress\/nouvelle-saison-20162017\/","title":{"rendered":"Nouvelle saison 2016\/2017"},"content":{"rendered":"<p>Chers adh\u00e9rents, chers coll\u00e8gues de tatami,<\/p>\n<p>L&rsquo;\u00e9t\u00e9 est termin\u00e9, les vacances touchent \u00e0 leur fin, il est temps de penser au retour sur les bancs de l&rsquo;\u00e9cole, au bureau et &#8230;. sur le tatami.<\/p>\n<p>Voici quelques informations \u00e0 cet effet:<\/p>\n<ul>\n<li>Journ\u00e9e d&rsquo;inscription le <strong>samedi 3 septembre de 9h00 \u00e0 12h00 et de 14h00 \u00e0 17h00<\/strong> au dojo 111 Rue Joliot Curie. Nous serons \u00e9galement pr\u00e9sents au Forum des associations de Lyon 5\u00e8me de 9h \u00e0 17h au Parc de la Mairie du 5\u00e8me.\u00a0<\/li>\n<\/ul>\n<p>Vous trouverez ci-dessous les \u00e9l\u00e9ments n\u00e9cessaires \u00e0 votre inscription:<\/p>\n<ul>\n<li>Fiche d&rsquo;inscription \u00e0 imprimer et \u00e0 remplir: \u00e9tat civil, coordonn\u00e9es, autorisation (parentale ou de l&rsquo;adh\u00e9rent) \u00a0la partie li\u00e9e au co\u00fbt de l&rsquo;adh\u00e9sion sera remplie \u00e0 l&rsquo;inscription au dojo:\u00a0<a href=\"http:\/\/www.dojo-anshin-arts-martiaux.org\/wordpress\/wp-content\/uploads\/2016\/08\/2016-2017_ficheInscription.pdf\" target=\"_blank\">2016-2017_ficheInscription<\/a><\/li>\n<p><\/p>\n<li>Fiche de demande de licence \u00e0 imprimer et remplir par ce lien:\u00a0<a href=\"http:\/\/www.dojo-anshin-arts-martiaux.org\/wordpress\/wp-content\/uploads\/2016\/08\/2016-2017-formulaire_licence.pdf\" target=\"_blank\">2016-2017-formulaire_licence<\/a>\u00a0ou \u00e0 remplir en ligne, pour saisir directement votre demande de licence en ligne, sur le site:\u00a0<a href=\"http:\/\/www.ffjudo.com\/\" target=\"_blank\">http:\/\/www.ffjudo.com\/<\/a> (bouton \u00ab licence en ligne \u00bb en haut \u00e0 droite), puis imprimer le formulaire avec vos donn\u00e9es pr\u00e9-renseign\u00e9es, le signer et nous le rapporter avec votre fiche d\u2019inscription.<\/span><\/li>\n<p><\/p>\n<li>Les <a href=\"http:\/\/www.dojo-anshin-arts-martiaux.org\/documents\/2016-2017_modalitesInscription.pdf\" target=\"_blank\">modalit\u00e9s, horaires et tarifs<\/a> de la nouvelle saison<\/li>\n<\/ul>\n<p>&nbsp;<br \/>\n<font size=+1>Certificat m\u00e9dical obligatoire<\/font>.<br \/>\n&nbsp;<br \/>\nD\u00e9but des entra\u00eenements la <strong>semaine du lundi 12 septembre 2016<\/strong>.<br \/>\n&nbsp;<br \/>\nPour les comp\u00e9titeurs et tous les pratiquants qui le souhaitent: d\u00e9but des s\u00e9ances de pr\u00e9paration physique (d\u00e9crassage) lundi et jeudi avant la reprise au stade en face du dojo \u00e0 18h.<\/p>\n<p>Bonne rentr\u00e9e \u00e0 toutes et \u00e0 tous<\/p>\n","protected":false},"excerpt":{"rendered":"<p>Chers adh\u00e9rents, chers coll\u00e8gues de tatami, L&rsquo;\u00e9t\u00e9 est termin\u00e9, les vacances touchent \u00e0 leur fin, il est temps de penser au retour sur les bancs de l&rsquo;\u00e9cole, au bureau et &#8230;. sur le tatami. Voici quelques informations \u00e0 cet effet: Journ\u00e9e d&rsquo;inscription le samedi 3 septembre de 9h00 \u00e0 12h00 et de 14h00 \u00e0 17h00 [&hellip;]<\/p>\n","protected":false},"author":2,"featured_media":0,"comment_status":"open","ping_status":"open","sticky":false,"template":"","format":"standard","meta":{"ngg_post_thumbnail":0,"footnotes":""},"categories":[4,5,6],"tags":[],"class_list":["post-2101","post","type-post","status-publish","format-standard","hentry","category-judo","category-jujitsu","category-vie-du-club"],"_links":{"self":[{"href":"http:\/\/www.dojo-anshin-arts-martiaux.org\/wordpress\/wp-json\/wp\/v2\/posts\/2101","targetHints":{"allow":["GET"]}}],"collection":[{"href":"http:\/\/www.dojo-anshin-arts-martiaux.org\/wordpress\/wp-json\/wp\/v2\/posts"}],"about":[{"href":"http:\/\/www.dojo-anshin-arts-martiaux.org\/wordpress\/wp-json\/wp\/v2\/types\/post"}],"author":[{"embeddable":true,"href":"http:\/\/www.dojo-anshin-arts-martiaux.org\/wordpress\/wp-json\/wp\/v2\/users\/2"}],"replies":[{"embeddable":true,"href":"http:\/\/www.dojo-anshin-arts-martiaux.org\/wordpress\/wp-json\/wp\/v2\/comments?post=2101"}],"version-history":[{"count":12,"href":"http:\/\/www.dojo-anshin-arts-martiaux.org\/wordpress\/wp-json\/wp\/v2\/posts\/2101\/revisions"}],"predecessor-version":[{"id":2118,"href":"http:\/\/www.dojo-anshin-arts-martiaux.org\/wordpress\/wp-json\/wp\/v2\/posts\/2101\/revisions\/2118"}],"wp:attachment":[{"href":"http:\/\/www.dojo-anshin-arts-martiaux.org\/wordpress\/wp-json\/wp\/v2\/media?parent=2101"}],"wp:term":[{"taxonomy":"category","embeddable":true,"href":"http:\/\/www.dojo-anshin-arts-martiaux.org\/wordpress\/wp-json\/wp\/v2\/categories?post=2101"},{"taxonomy":"post_tag","embeddable":true,"href":"http:\/\/www.dojo-anshin-arts-martiaux.org\/wordpress\/wp-json\/wp\/v2\/tags?post=2101"}],"curies":[{"name":"wp","href":"https:\/\/api.w.org\/{rel}","templated":true}]}}