{"id":2140,"date":"2016-12-16T18:31:53","date_gmt":"2016-12-16T16:31:53","guid":{"rendered":"http:\/\/www.dojo-anshin-arts-martiaux.org\/wordpress\/?p=2140"},"modified":"2016-12-16T18:31:53","modified_gmt":"2016-12-16T16:31:53","slug":"vacances-de-noel","status":"publish","type":"post","link":"http:\/\/www.dojo-anshin-arts-martiaux.org\/wordpress\/vacances-de-noel\/","title":{"rendered":"VACANCES DE NOEL"},"content":{"rendered":"<p>Chers adh\u00e9rents,<\/p>\n<p>Les vacances de no\u00ebl d\u00e9marrent ce soir, les entra\u00eenements s&rsquo;interrompent donc jusqu&rsquo;au lundi 2 janvier 2017 inclus.<\/p>\n<p>Les coachs et les membres du bureau vous souhaitent \u00e0 toutes et \u00e0 tous d&rsquo;excellentes f\u00eates de fin d&rsquo;ann\u00e9e en compagnie de vos proches.<\/p>\n<p>Reprise des cours au Dojo Anshin, le mardi 3 janvier 2017.<\/p>\n<p>Pour les adultes qui le souhaitent des entrainements sont propos\u00e9s par S\u00e9b et moi m\u00eame les mardis et jeudis aux horaires habituels: 19h30 &#8211; 21h30.<\/p>\n<p>Chris<\/p>\n<p>&nbsp;<\/p>\n","protected":false},"excerpt":{"rendered":"<p>Chers adh\u00e9rents, Les vacances de no\u00ebl d\u00e9marrent ce soir, les entra\u00eenements s&rsquo;interrompent donc jusqu&rsquo;au lundi 2 janvier 2017 inclus. Les coachs et les membres du bureau vous souhaitent \u00e0 toutes et \u00e0 tous d&rsquo;excellentes f\u00eates de fin d&rsquo;ann\u00e9e en compagnie de vos proches. Reprise des cours au Dojo Anshin, le mardi 3 janvier 2017. Pour [&hellip;]<\/p>\n","protected":false},"author":2,"featured_media":0,"comment_status":"open","ping_status":"open","sticky":false,"template":"","format":"standard","meta":{"ngg_post_thumbnail":0,"footnotes":""},"categories":[6],"tags":[],"class_list":["post-2140","post","type-post","status-publish","format-standard","hentry","category-vie-du-club"],"_links":{"self":[{"href":"http:\/\/www.dojo-anshin-arts-martiaux.org\/wordpress\/wp-json\/wp\/v2\/posts\/2140","targetHints":{"allow":["GET"]}}],"collection":[{"href":"http:\/\/www.dojo-anshin-arts-martiaux.org\/wordpress\/wp-json\/wp\/v2\/posts"}],"about":[{"href":"http:\/\/www.dojo-anshin-arts-martiaux.org\/wordpress\/wp-json\/wp\/v2\/types\/post"}],"author":[{"embeddable":true,"href":"http:\/\/www.dojo-anshin-arts-martiaux.org\/wordpress\/wp-json\/wp\/v2\/users\/2"}],"replies":[{"embeddable":true,"href":"http:\/\/www.dojo-anshin-arts-martiaux.org\/wordpress\/wp-json\/wp\/v2\/comments?post=2140"}],"version-history":[{"count":1,"href":"http:\/\/www.dojo-anshin-arts-martiaux.org\/wordpress\/wp-json\/wp\/v2\/posts\/2140\/revisions"}],"predecessor-version":[{"id":2141,"href":"http:\/\/www.dojo-anshin-arts-martiaux.org\/wordpress\/wp-json\/wp\/v2\/posts\/2140\/revisions\/2141"}],"wp:attachment":[{"href":"http:\/\/www.dojo-anshin-arts-martiaux.org\/wordpress\/wp-json\/wp\/v2\/media?parent=2140"}],"wp:term":[{"taxonomy":"category","embeddable":true,"href":"http:\/\/www.dojo-anshin-arts-martiaux.org\/wordpress\/wp-json\/wp\/v2\/categories?post=2140"},{"taxonomy":"post_tag","embeddable":true,"href":"http:\/\/www.dojo-anshin-arts-martiaux.org\/wordpress\/wp-json\/wp\/v2\/tags?post=2140"}],"curies":[{"name":"wp","href":"https:\/\/api.w.org\/{rel}","templated":true}]}}