{"id":2144,"date":"2017-02-18T11:32:11","date_gmt":"2017-02-18T09:32:11","guid":{"rendered":"http:\/\/www.dojo-anshin-arts-martiaux.org\/wordpress\/?p=2144"},"modified":"2017-02-18T11:32:24","modified_gmt":"2017-02-18T09:32:24","slug":"vacances-de-fevrier","status":"publish","type":"post","link":"http:\/\/www.dojo-anshin-arts-martiaux.org\/wordpress\/vacances-de-fevrier\/","title":{"rendered":"Vacances de f\u00e9vrier"},"content":{"rendered":"<p>Chers adh\u00e9rents,<\/p>\n<p>Les cours du Dojo Anshin sont interrompus pour les vacances scolaires d&rsquo;hiver, reprise de l&rsquo;ensemble des entrainements \u00e0 partir du lundi 6 mars 2017.<\/p>\n<p>Pour les adultes qui le souhaitent, des entrainements sont propos\u00e9s par Seb et moi m\u00eame, les lundis et jeudis des deux semaines de vacances aux horaires habituels: 19h30 &#8211; 21h 30.<\/p>\n<p>Bonnes vacances \u00e0 tous<\/p>\n<p>Chris<\/p>\n","protected":false},"excerpt":{"rendered":"<p>Chers adh\u00e9rents, Les cours du Dojo Anshin sont interrompus pour les vacances scolaires d&rsquo;hiver, reprise de l&rsquo;ensemble des entrainements \u00e0 partir du lundi 6 mars 2017. Pour les adultes qui le souhaitent, des entrainements sont propos\u00e9s par Seb et moi m\u00eame, les lundis et jeudis des deux semaines de vacances aux horaires habituels: 19h30 &#8211; [&hellip;]<\/p>\n","protected":false},"author":2,"featured_media":0,"comment_status":"open","ping_status":"open","sticky":false,"template":"","format":"standard","meta":{"ngg_post_thumbnail":0,"footnotes":""},"categories":[4,5,6],"tags":[],"class_list":["post-2144","post","type-post","status-publish","format-standard","hentry","category-judo","category-jujitsu","category-vie-du-club"],"_links":{"self":[{"href":"http:\/\/www.dojo-anshin-arts-martiaux.org\/wordpress\/wp-json\/wp\/v2\/posts\/2144","targetHints":{"allow":["GET"]}}],"collection":[{"href":"http:\/\/www.dojo-anshin-arts-martiaux.org\/wordpress\/wp-json\/wp\/v2\/posts"}],"about":[{"href":"http:\/\/www.dojo-anshin-arts-martiaux.org\/wordpress\/wp-json\/wp\/v2\/types\/post"}],"author":[{"embeddable":true,"href":"http:\/\/www.dojo-anshin-arts-martiaux.org\/wordpress\/wp-json\/wp\/v2\/users\/2"}],"replies":[{"embeddable":true,"href":"http:\/\/www.dojo-anshin-arts-martiaux.org\/wordpress\/wp-json\/wp\/v2\/comments?post=2144"}],"version-history":[{"count":1,"href":"http:\/\/www.dojo-anshin-arts-martiaux.org\/wordpress\/wp-json\/wp\/v2\/posts\/2144\/revisions"}],"predecessor-version":[{"id":2145,"href":"http:\/\/www.dojo-anshin-arts-martiaux.org\/wordpress\/wp-json\/wp\/v2\/posts\/2144\/revisions\/2145"}],"wp:attachment":[{"href":"http:\/\/www.dojo-anshin-arts-martiaux.org\/wordpress\/wp-json\/wp\/v2\/media?parent=2144"}],"wp:term":[{"taxonomy":"category","embeddable":true,"href":"http:\/\/www.dojo-anshin-arts-martiaux.org\/wordpress\/wp-json\/wp\/v2\/categories?post=2144"},{"taxonomy":"post_tag","embeddable":true,"href":"http:\/\/www.dojo-anshin-arts-martiaux.org\/wordpress\/wp-json\/wp\/v2\/tags?post=2144"}],"curies":[{"name":"wp","href":"https:\/\/api.w.org\/{rel}","templated":true}]}}