{"id":2264,"date":"2018-03-15T22:19:56","date_gmt":"2018-03-15T20:19:56","guid":{"rendered":"http:\/\/www.dojo-anshin-arts-martiaux.org\/wordpress\/?p=2264"},"modified":"2018-03-15T22:19:56","modified_gmt":"2018-03-15T20:19:56","slug":"objectifs-france-2018","status":"publish","type":"post","link":"http:\/\/www.dojo-anshin-arts-martiaux.org\/wordpress\/objectifs-france-2018\/","title":{"rendered":"OBJECTIFS FRANCE 2018 !"},"content":{"rendered":"<p>Les Championnats de France de Jujitsu Combat ont lieu le samedi 31 mars 2018 \u00e0 Mont de Marsan ! Et le Dojo va \u00eatre plus que bien repr\u00e9sent\u00e9 !<\/p>\n<p>&nbsp;<\/p>\n<p><strong>Les s\u00e9lectionn\u00e9s sont :<\/strong><\/p>\n<p>Justine Rieu<\/p>\n<p>Alexandre Perez<\/p>\n<p>Loick Butel<\/p>\n<p>Elodie Barou<\/p>\n<p>Olivier Caslani<\/p>\n<p>Anthony Martin<\/p>\n<p>Paul Moreau<\/p>\n<p>Pauline Noel<\/p>\n<p>Ambroise Dauphin<\/p>\n<p>Martin Behem<\/p>\n<p>Rayan Boughalmi<\/p>\n<p>&nbsp;<\/p>\n<p>Une belle brochette de champions !<\/p>\n<p>Aller l&rsquo;\u00e9quipe on est tous avec vous !<\/p>\n<p>Fanny<\/p>\n","protected":false},"excerpt":{"rendered":"<p>Les Championnats de France de Jujitsu Combat ont lieu le samedi 31 mars 2018 \u00e0 Mont de Marsan ! Et le Dojo va \u00eatre plus que bien repr\u00e9sent\u00e9 ! &nbsp; Les s\u00e9lectionn\u00e9s sont : Justine Rieu Alexandre Perez Loick Butel Elodie Barou Olivier Caslani Anthony Martin Paul Moreau Pauline Noel Ambroise Dauphin Martin Behem Rayan [&hellip;]<\/p>\n","protected":false},"author":3,"featured_media":0,"comment_status":"open","ping_status":"open","sticky":false,"template":"","format":"standard","meta":{"ngg_post_thumbnail":0,"footnotes":""},"categories":[5],"tags":[],"class_list":["post-2264","post","type-post","status-publish","format-standard","hentry","category-jujitsu"],"_links":{"self":[{"href":"http:\/\/www.dojo-anshin-arts-martiaux.org\/wordpress\/wp-json\/wp\/v2\/posts\/2264","targetHints":{"allow":["GET"]}}],"collection":[{"href":"http:\/\/www.dojo-anshin-arts-martiaux.org\/wordpress\/wp-json\/wp\/v2\/posts"}],"about":[{"href":"http:\/\/www.dojo-anshin-arts-martiaux.org\/wordpress\/wp-json\/wp\/v2\/types\/post"}],"author":[{"embeddable":true,"href":"http:\/\/www.dojo-anshin-arts-martiaux.org\/wordpress\/wp-json\/wp\/v2\/users\/3"}],"replies":[{"embeddable":true,"href":"http:\/\/www.dojo-anshin-arts-martiaux.org\/wordpress\/wp-json\/wp\/v2\/comments?post=2264"}],"version-history":[{"count":2,"href":"http:\/\/www.dojo-anshin-arts-martiaux.org\/wordpress\/wp-json\/wp\/v2\/posts\/2264\/revisions"}],"predecessor-version":[{"id":2266,"href":"http:\/\/www.dojo-anshin-arts-martiaux.org\/wordpress\/wp-json\/wp\/v2\/posts\/2264\/revisions\/2266"}],"wp:attachment":[{"href":"http:\/\/www.dojo-anshin-arts-martiaux.org\/wordpress\/wp-json\/wp\/v2\/media?parent=2264"}],"wp:term":[{"taxonomy":"category","embeddable":true,"href":"http:\/\/www.dojo-anshin-arts-martiaux.org\/wordpress\/wp-json\/wp\/v2\/categories?post=2264"},{"taxonomy":"post_tag","embeddable":true,"href":"http:\/\/www.dojo-anshin-arts-martiaux.org\/wordpress\/wp-json\/wp\/v2\/tags?post=2264"}],"curies":[{"name":"wp","href":"https:\/\/api.w.org\/{rel}","templated":true}]}}