{"id":2390,"date":"2018-04-06T11:43:24","date_gmt":"2018-04-06T09:43:24","guid":{"rendered":"http:\/\/www.dojo-anshin-arts-martiaux.org\/wordpress\/?p=2390"},"modified":"2018-04-06T11:43:24","modified_gmt":"2018-04-06T09:43:24","slug":"vacances-de-paques-2018","status":"publish","type":"post","link":"http:\/\/www.dojo-anshin-arts-martiaux.org\/wordpress\/vacances-de-paques-2018\/","title":{"rendered":"Vacances de P\u00e2ques 2018"},"content":{"rendered":"<p>Le temps des vacances est arriv\u00e9 ! Un peu de repos bien m\u00e9rit\u00e9 pour tous !<\/p>\n<p>Cependant, pour les<strong> judokas adultes<\/strong> int\u00e9ress\u00e9s, Seb va donner deux cours la premi\u00e8re semaine :<\/p>\n<p>&#8211; le <strong>mardi 10 avril<\/strong> 2018 aux horaires habituels<\/p>\n<p>&#8211; le <strong>jeudi 12 avril<\/strong> 2018 aux horaires habituels<\/p>\n<p>Pour les autres, nous nous retrouvons \u00e0 la rentr\u00e9e !<\/p>\n<p>Bonnes vacances \u00e0 tous !<\/p>\n","protected":false},"excerpt":{"rendered":"<p>Le temps des vacances est arriv\u00e9 ! Un peu de repos bien m\u00e9rit\u00e9 pour tous ! Cependant, pour les judokas adultes int\u00e9ress\u00e9s, Seb va donner deux cours la premi\u00e8re semaine : &#8211; le mardi 10 avril 2018 aux horaires habituels &#8211; le jeudi 12 avril 2018 aux horaires habituels Pour les autres, nous nous retrouvons [&hellip;]<\/p>\n","protected":false},"author":5,"featured_media":0,"comment_status":"open","ping_status":"open","sticky":false,"template":"","format":"standard","meta":{"ngg_post_thumbnail":0,"footnotes":""},"categories":[6],"tags":[],"class_list":["post-2390","post","type-post","status-publish","format-standard","hentry","category-vie-du-club"],"_links":{"self":[{"href":"http:\/\/www.dojo-anshin-arts-martiaux.org\/wordpress\/wp-json\/wp\/v2\/posts\/2390","targetHints":{"allow":["GET"]}}],"collection":[{"href":"http:\/\/www.dojo-anshin-arts-martiaux.org\/wordpress\/wp-json\/wp\/v2\/posts"}],"about":[{"href":"http:\/\/www.dojo-anshin-arts-martiaux.org\/wordpress\/wp-json\/wp\/v2\/types\/post"}],"author":[{"embeddable":true,"href":"http:\/\/www.dojo-anshin-arts-martiaux.org\/wordpress\/wp-json\/wp\/v2\/users\/5"}],"replies":[{"embeddable":true,"href":"http:\/\/www.dojo-anshin-arts-martiaux.org\/wordpress\/wp-json\/wp\/v2\/comments?post=2390"}],"version-history":[{"count":1,"href":"http:\/\/www.dojo-anshin-arts-martiaux.org\/wordpress\/wp-json\/wp\/v2\/posts\/2390\/revisions"}],"predecessor-version":[{"id":2391,"href":"http:\/\/www.dojo-anshin-arts-martiaux.org\/wordpress\/wp-json\/wp\/v2\/posts\/2390\/revisions\/2391"}],"wp:attachment":[{"href":"http:\/\/www.dojo-anshin-arts-martiaux.org\/wordpress\/wp-json\/wp\/v2\/media?parent=2390"}],"wp:term":[{"taxonomy":"category","embeddable":true,"href":"http:\/\/www.dojo-anshin-arts-martiaux.org\/wordpress\/wp-json\/wp\/v2\/categories?post=2390"},{"taxonomy":"post_tag","embeddable":true,"href":"http:\/\/www.dojo-anshin-arts-martiaux.org\/wordpress\/wp-json\/wp\/v2\/tags?post=2390"}],"curies":[{"name":"wp","href":"https:\/\/api.w.org\/{rel}","templated":true}]}}