{"id":2415,"date":"2018-05-03T20:02:09","date_gmt":"2018-05-03T18:02:09","guid":{"rendered":"http:\/\/www.dojo-anshin-arts-martiaux.org\/wordpress\/?p=2415"},"modified":"2018-05-03T20:02:09","modified_gmt":"2018-05-03T18:02:09","slug":"selections-championnats-deurope-seniors-en-pologne","status":"publish","type":"post","link":"http:\/\/www.dojo-anshin-arts-martiaux.org\/wordpress\/selections-championnats-deurope-seniors-en-pologne\/","title":{"rendered":"S\u00e9lections championnats d&rsquo;Europe seniors en Pologne"},"content":{"rendered":"<p>Les s\u00e9lections sont tomb\u00e9es aujourd&rsquo;hui !<\/p>\n<p><em><strong>Martin Behem et Alexandre Perez<\/strong> <\/em>s&rsquo;envoleront le samedi 2 juin pour les <strong>championnats d&rsquo;Europe seniors de Jujitsu Combat en Pologne !<\/strong><\/p>\n<p style=\"text-align: center;\">Bravo ! Tout le club est derri\u00e8re vous !<\/p>\n<p><img loading=\"lazy\" decoding=\"async\" class=\"size-medium wp-image-2416 aligncenter\" src=\"http:\/\/www.dojo-anshin-arts-martiaux.org\/wordpress\/wp-content\/uploads\/2018\/05\/DSC_0299-300x200.jpg\" alt=\"\" width=\"300\" height=\"200\" srcset=\"http:\/\/www.dojo-anshin-arts-martiaux.org\/wordpress\/wp-content\/uploads\/2018\/05\/DSC_0299-300x200.jpg 300w, http:\/\/www.dojo-anshin-arts-martiaux.org\/wordpress\/wp-content\/uploads\/2018\/05\/DSC_0299-768x512.jpg 768w, http:\/\/www.dojo-anshin-arts-martiaux.org\/wordpress\/wp-content\/uploads\/2018\/05\/DSC_0299-1024x683.jpg 1024w\" sizes=\"auto, (max-width: 300px) 100vw, 300px\" \/> <img loading=\"lazy\" decoding=\"async\" class=\"wp-image-2417 aligncenter\" src=\"http:\/\/www.dojo-anshin-arts-martiaux.org\/wordpress\/wp-content\/uploads\/2018\/05\/IMG_5400-225x300.jpg\" alt=\"\" width=\"236\" height=\"315\" srcset=\"http:\/\/www.dojo-anshin-arts-martiaux.org\/wordpress\/wp-content\/uploads\/2018\/05\/IMG_5400-225x300.jpg 225w, http:\/\/www.dojo-anshin-arts-martiaux.org\/wordpress\/wp-content\/uploads\/2018\/05\/IMG_5400.jpg 720w\" sizes=\"auto, (max-width: 236px) 100vw, 236px\" \/><\/p>\n","protected":false},"excerpt":{"rendered":"<p>Les s\u00e9lections sont tomb\u00e9es aujourd&rsquo;hui ! Martin Behem et Alexandre Perez s&rsquo;envoleront le samedi 2 juin pour les championnats d&rsquo;Europe seniors de Jujitsu Combat en Pologne ! Bravo ! Tout le club est derri\u00e8re vous !<\/p>\n","protected":false},"author":5,"featured_media":0,"comment_status":"open","ping_status":"open","sticky":false,"template":"","format":"standard","meta":{"ngg_post_thumbnail":0,"footnotes":""},"categories":[5,10],"tags":[],"class_list":["post-2415","post","type-post","status-publish","format-standard","hentry","category-jujitsu","category-photos"],"_links":{"self":[{"href":"http:\/\/www.dojo-anshin-arts-martiaux.org\/wordpress\/wp-json\/wp\/v2\/posts\/2415","targetHints":{"allow":["GET"]}}],"collection":[{"href":"http:\/\/www.dojo-anshin-arts-martiaux.org\/wordpress\/wp-json\/wp\/v2\/posts"}],"about":[{"href":"http:\/\/www.dojo-anshin-arts-martiaux.org\/wordpress\/wp-json\/wp\/v2\/types\/post"}],"author":[{"embeddable":true,"href":"http:\/\/www.dojo-anshin-arts-martiaux.org\/wordpress\/wp-json\/wp\/v2\/users\/5"}],"replies":[{"embeddable":true,"href":"http:\/\/www.dojo-anshin-arts-martiaux.org\/wordpress\/wp-json\/wp\/v2\/comments?post=2415"}],"version-history":[{"count":3,"href":"http:\/\/www.dojo-anshin-arts-martiaux.org\/wordpress\/wp-json\/wp\/v2\/posts\/2415\/revisions"}],"predecessor-version":[{"id":2420,"href":"http:\/\/www.dojo-anshin-arts-martiaux.org\/wordpress\/wp-json\/wp\/v2\/posts\/2415\/revisions\/2420"}],"wp:attachment":[{"href":"http:\/\/www.dojo-anshin-arts-martiaux.org\/wordpress\/wp-json\/wp\/v2\/media?parent=2415"}],"wp:term":[{"taxonomy":"category","embeddable":true,"href":"http:\/\/www.dojo-anshin-arts-martiaux.org\/wordpress\/wp-json\/wp\/v2\/categories?post=2415"},{"taxonomy":"post_tag","embeddable":true,"href":"http:\/\/www.dojo-anshin-arts-martiaux.org\/wordpress\/wp-json\/wp\/v2\/tags?post=2415"}],"curies":[{"name":"wp","href":"https:\/\/api.w.org\/{rel}","templated":true}]}}