{"id":281,"date":"2011-10-30T18:00:50","date_gmt":"2011-10-30T16:00:50","guid":{"rendered":"http:\/\/www.dojo-anshin-arts-martiaux.org\/wordpress\/?p=281"},"modified":"2011-11-27T01:49:42","modified_gmt":"2011-11-26T23:49:42","slug":"3eme-dan-pour-andre-perez","status":"publish","type":"post","link":"http:\/\/www.dojo-anshin-arts-martiaux.org\/wordpress\/3eme-dan-pour-andre-perez\/","title":{"rendered":"3\u00e8me Dan pour Andr\u00e9 PEREZ"},"content":{"rendered":"<table>\n<tr>\n<td>\n<img loading=\"lazy\" decoding=\"async\" src=\"http:\/\/www.dojo-anshin-arts-martiaux.org\/images\/andre_perez.jpg\" alt=\"\" title=\"Andr\u00e9\" width=\"152\" height=\"172\" class=\"alignleft size-full wp-image-1020\" \/><\/a>\n<\/td>\n<td align=center>\n<br \/>\nDimanche 30 octobre 2011,<br \/>\nObtention du <strong>3\u00e8me Dan<\/strong> pour <strong>Andr\u00e9 PEREZ<\/strong> qui a brillamment r\u00e9ussi ses katas.<br \/>\n<br \/>\n<img decoding=\"async\" border=\"0\" src=\"\/images\/obi.gif\"><br \/><\/img><img decoding=\"async\" border=\"0\" src=\"\/images\/obi.gif\"><\/img><br \/><\/img><img decoding=\"async\" border=\"0\" src=\"\/images\/obi.gif\"><\/img><\/p>\n<p>RESPECT!\n<\/td>\n<\/tr>\n<\/table>\n","protected":false},"excerpt":{"rendered":"<p>Dimanche 30 octobre 2011, Obtention du 3\u00e8me Dan pour Andr\u00e9 PEREZ qui a brillamment r\u00e9ussi ses katas. RESPECT!<\/p>\n","protected":false},"author":2,"featured_media":0,"comment_status":"open","ping_status":"open","sticky":false,"template":"","format":"standard","meta":{"ngg_post_thumbnail":0,"footnotes":""},"categories":[7,6],"tags":[],"class_list":["post-281","post","type-post","status-publish","format-standard","hentry","category-passage-de-grades","category-vie-du-club"],"_links":{"self":[{"href":"http:\/\/www.dojo-anshin-arts-martiaux.org\/wordpress\/wp-json\/wp\/v2\/posts\/281","targetHints":{"allow":["GET"]}}],"collection":[{"href":"http:\/\/www.dojo-anshin-arts-martiaux.org\/wordpress\/wp-json\/wp\/v2\/posts"}],"about":[{"href":"http:\/\/www.dojo-anshin-arts-martiaux.org\/wordpress\/wp-json\/wp\/v2\/types\/post"}],"author":[{"embeddable":true,"href":"http:\/\/www.dojo-anshin-arts-martiaux.org\/wordpress\/wp-json\/wp\/v2\/users\/2"}],"replies":[{"embeddable":true,"href":"http:\/\/www.dojo-anshin-arts-martiaux.org\/wordpress\/wp-json\/wp\/v2\/comments?post=281"}],"version-history":[{"count":0,"href":"http:\/\/www.dojo-anshin-arts-martiaux.org\/wordpress\/wp-json\/wp\/v2\/posts\/281\/revisions"}],"wp:attachment":[{"href":"http:\/\/www.dojo-anshin-arts-martiaux.org\/wordpress\/wp-json\/wp\/v2\/media?parent=281"}],"wp:term":[{"taxonomy":"category","embeddable":true,"href":"http:\/\/www.dojo-anshin-arts-martiaux.org\/wordpress\/wp-json\/wp\/v2\/categories?post=281"},{"taxonomy":"post_tag","embeddable":true,"href":"http:\/\/www.dojo-anshin-arts-martiaux.org\/wordpress\/wp-json\/wp\/v2\/tags?post=281"}],"curies":[{"name":"wp","href":"https:\/\/api.w.org\/{rel}","templated":true}]}}