{"id":2942,"date":"2020-01-04T00:34:31","date_gmt":"2020-01-03T22:34:31","guid":{"rendered":"http:\/\/www.dojo-anshin-arts-martiaux.org\/wordpress\/?p=2942"},"modified":"2020-01-04T00:34:32","modified_gmt":"2020-01-03T22:34:32","slug":"championnats-deurope-juniors-2019-crete","status":"publish","type":"post","link":"http:\/\/www.dojo-anshin-arts-martiaux.org\/wordpress\/championnats-deurope-juniors-2019-crete\/","title":{"rendered":"Championnats d&rsquo;Europe juniors 2019 Cr\u00eate"},"content":{"rendered":"\n<p>Fin octobre 2019, nous voil\u00e0 partis pour le Cr\u00eate pour les championnats d&rsquo;Europe juniors. Le Dojo Anshin a deux de ses athl\u00e8tes s\u00e9lectionn\u00e9s pour ces championnats  : Loick Butel, teneur du titre en 2018 et Carla Lebobe, pour sa premi\u00e8re en \u00e9quipe de France. <\/p>\n\n\n\n<p>Ce fut une comp\u00e9tition \u00e9norme pour chacun d&rsquo;entre eux, avec de nombreux combats et beaucoup d&rsquo;\u00e9motions. Loick part avec un \u00ab\u00a0handicap\u00a0\u00bb certain du fait de son nouveau m\u00e9tier qui lui prend beaucoup de temps, mais la tentation \u00e9tait trop grande de d\u00e9fendre son titre. IL arrivera en place de 3, apr\u00e8s de tr\u00e8s beaux combats, mais perdra contre le grec. Il se classera donc 5\u00e8me pour sa derni\u00e8re en Junior.<\/p>\n\n\n\n<p>Pour Carla, les combats n&rsquo;\u00e9taient pas simples non plus. Mais elle r\u00e9ussit \u00e0 se hisser jusqu&rsquo;\u00e0 la finale, o\u00f9 elle s&rsquo;incline contre l&rsquo;italienne qu&rsquo;elle avait pourtant battu avant. Chaque combat est diff\u00e9rent, c&rsquo;est certain!  Mais c&rsquo;est avec une magnifique m\u00e9daille d&rsquo;argent que Carla rentre au dojo Anshin ! <\/p>\n\n\n\n<p>Bravo a tous les deux, nous sommes tr\u00e8s fiers de vous ! Bravo !!<\/p>\n\n\n\n<div class=\"wp-block-image\"><figure class=\"aligncenter size-large\"><img loading=\"lazy\" decoding=\"async\" width=\"1024\" height=\"684\" src=\"http:\/\/www.dojo-anshin-arts-martiaux.org\/wordpress\/wp-content\/uploads\/2020\/01\/DSC_0775-1024x684.jpg\" alt=\"\" class=\"wp-image-2943\" srcset=\"http:\/\/www.dojo-anshin-arts-martiaux.org\/wordpress\/wp-content\/uploads\/2020\/01\/DSC_0775-1024x684.jpg 1024w, http:\/\/www.dojo-anshin-arts-martiaux.org\/wordpress\/wp-content\/uploads\/2020\/01\/DSC_0775-300x201.jpg 300w, http:\/\/www.dojo-anshin-arts-martiaux.org\/wordpress\/wp-content\/uploads\/2020\/01\/DSC_0775-768x513.jpg 768w, http:\/\/www.dojo-anshin-arts-martiaux.org\/wordpress\/wp-content\/uploads\/2020\/01\/DSC_0775-1536x1027.jpg 1536w, http:\/\/www.dojo-anshin-arts-martiaux.org\/wordpress\/wp-content\/uploads\/2020\/01\/DSC_0775-2048x1369.jpg 2048w, http:\/\/www.dojo-anshin-arts-martiaux.org\/wordpress\/wp-content\/uploads\/2020\/01\/DSC_0775-676x452.jpg 676w\" sizes=\"auto, (max-width: 1024px) 100vw, 1024px\" \/><\/figure><\/div>\n\n\n\n<figure class=\"wp-block-image size-large\"><img loading=\"lazy\" decoding=\"async\" width=\"1024\" height=\"684\" src=\"http:\/\/www.dojo-anshin-arts-martiaux.org\/wordpress\/wp-content\/uploads\/2020\/01\/DSC_0787-1024x684.jpg\" alt=\"\" class=\"wp-image-2944\" srcset=\"http:\/\/www.dojo-anshin-arts-martiaux.org\/wordpress\/wp-content\/uploads\/2020\/01\/DSC_0787-1024x684.jpg 1024w, http:\/\/www.dojo-anshin-arts-martiaux.org\/wordpress\/wp-content\/uploads\/2020\/01\/DSC_0787-300x201.jpg 300w, http:\/\/www.dojo-anshin-arts-martiaux.org\/wordpress\/wp-content\/uploads\/2020\/01\/DSC_0787-768x513.jpg 768w, http:\/\/www.dojo-anshin-arts-martiaux.org\/wordpress\/wp-content\/uploads\/2020\/01\/DSC_0787-1536x1027.jpg 1536w, http:\/\/www.dojo-anshin-arts-martiaux.org\/wordpress\/wp-content\/uploads\/2020\/01\/DSC_0787-2048x1369.jpg 2048w, http:\/\/www.dojo-anshin-arts-martiaux.org\/wordpress\/wp-content\/uploads\/2020\/01\/DSC_0787-676x452.jpg 676w\" sizes=\"auto, (max-width: 1024px) 100vw, 1024px\" \/><\/figure>\n","protected":false},"excerpt":{"rendered":"<p>Fin octobre 2019, nous voil\u00e0 partis pour le Cr\u00eate pour les championnats d&rsquo;Europe juniors. Le Dojo Anshin a deux de ses athl\u00e8tes s\u00e9lectionn\u00e9s pour ces championnats : Loick Butel, teneur du titre en 2018 et Carla Lebobe, pour sa premi\u00e8re en \u00e9quipe de France. Ce fut une comp\u00e9tition \u00e9norme pour chacun d&rsquo;entre eux, avec de [&hellip;]<\/p>\n","protected":false},"author":5,"featured_media":0,"comment_status":"closed","ping_status":"closed","sticky":false,"template":"","format":"standard","meta":{"ngg_post_thumbnail":0,"footnotes":""},"categories":[6],"tags":[],"class_list":["post-2942","post","type-post","status-publish","format-standard","hentry","category-vie-du-club"],"_links":{"self":[{"href":"http:\/\/www.dojo-anshin-arts-martiaux.org\/wordpress\/wp-json\/wp\/v2\/posts\/2942","targetHints":{"allow":["GET"]}}],"collection":[{"href":"http:\/\/www.dojo-anshin-arts-martiaux.org\/wordpress\/wp-json\/wp\/v2\/posts"}],"about":[{"href":"http:\/\/www.dojo-anshin-arts-martiaux.org\/wordpress\/wp-json\/wp\/v2\/types\/post"}],"author":[{"embeddable":true,"href":"http:\/\/www.dojo-anshin-arts-martiaux.org\/wordpress\/wp-json\/wp\/v2\/users\/5"}],"replies":[{"embeddable":true,"href":"http:\/\/www.dojo-anshin-arts-martiaux.org\/wordpress\/wp-json\/wp\/v2\/comments?post=2942"}],"version-history":[{"count":1,"href":"http:\/\/www.dojo-anshin-arts-martiaux.org\/wordpress\/wp-json\/wp\/v2\/posts\/2942\/revisions"}],"predecessor-version":[{"id":2945,"href":"http:\/\/www.dojo-anshin-arts-martiaux.org\/wordpress\/wp-json\/wp\/v2\/posts\/2942\/revisions\/2945"}],"wp:attachment":[{"href":"http:\/\/www.dojo-anshin-arts-martiaux.org\/wordpress\/wp-json\/wp\/v2\/media?parent=2942"}],"wp:term":[{"taxonomy":"category","embeddable":true,"href":"http:\/\/www.dojo-anshin-arts-martiaux.org\/wordpress\/wp-json\/wp\/v2\/categories?post=2942"},{"taxonomy":"post_tag","embeddable":true,"href":"http:\/\/www.dojo-anshin-arts-martiaux.org\/wordpress\/wp-json\/wp\/v2\/tags?post=2942"}],"curies":[{"name":"wp","href":"https:\/\/api.w.org\/{rel}","templated":true}]}}