{"id":2953,"date":"2020-01-20T10:22:23","date_gmt":"2020-01-20T08:22:23","guid":{"rendered":"http:\/\/www.dojo-anshin-arts-martiaux.org\/wordpress\/?p=2953"},"modified":"2020-01-20T10:22:25","modified_gmt":"2020-01-20T08:22:25","slug":"stage-enfants-vacances-de-fevrier-2020","status":"publish","type":"post","link":"http:\/\/www.dojo-anshin-arts-martiaux.org\/wordpress\/stage-enfants-vacances-de-fevrier-2020\/","title":{"rendered":"STAGE ENFANTS VACANCES DE F\u00c9VRIER 2020"},"content":{"rendered":"\n<p>Comme \u00e0 chaque vacances, le Dojo Anshin propose \u00e0 ses adh\u00e9rents et \u00e0 ceux qui voudraient d\u00e9couvrir le judo et le jujitsu, une semaine de stage multi-activit\u00e9s. Le stage est pr\u00e9vu de 9h \u00e0 16h30, pour les enfants \u00e0 partir de 2014.<\/p>\n\n\n\n<p class=\"has-text-align-center\">INSCRIVEZ-VOUS VITE!<\/p>\n\n\n\n<figure class=\"wp-block-image size-large\"><img loading=\"lazy\" decoding=\"async\" width=\"724\" height=\"1024\" src=\"http:\/\/www.dojo-anshin-arts-martiaux.org\/wordpress\/wp-content\/uploads\/2020\/01\/stage-f\u00e9vrier-2020-724x1024.png\" alt=\"\" class=\"wp-image-2954\" srcset=\"http:\/\/www.dojo-anshin-arts-martiaux.org\/wordpress\/wp-content\/uploads\/2020\/01\/stage-f\u00e9vrier-2020-724x1024.png 724w, http:\/\/www.dojo-anshin-arts-martiaux.org\/wordpress\/wp-content\/uploads\/2020\/01\/stage-f\u00e9vrier-2020-212x300.png 212w, http:\/\/www.dojo-anshin-arts-martiaux.org\/wordpress\/wp-content\/uploads\/2020\/01\/stage-f\u00e9vrier-2020-768x1087.png 768w, http:\/\/www.dojo-anshin-arts-martiaux.org\/wordpress\/wp-content\/uploads\/2020\/01\/stage-f\u00e9vrier-2020-676x957.png 676w, http:\/\/www.dojo-anshin-arts-martiaux.org\/wordpress\/wp-content\/uploads\/2020\/01\/stage-f\u00e9vrier-2020.png 1024w\" sizes=\"auto, (max-width: 724px) 100vw, 724px\" \/><\/figure>\n","protected":false},"excerpt":{"rendered":"<p>Comme \u00e0 chaque vacances, le Dojo Anshin propose \u00e0 ses adh\u00e9rents et \u00e0 ceux qui voudraient d\u00e9couvrir le judo et le jujitsu, une semaine de stage multi-activit\u00e9s. Le stage est pr\u00e9vu de 9h \u00e0 16h30, pour les enfants \u00e0 partir de 2014. INSCRIVEZ-VOUS VITE!<\/p>\n","protected":false},"author":5,"featured_media":0,"comment_status":"closed","ping_status":"closed","sticky":false,"template":"","format":"standard","meta":{"ngg_post_thumbnail":0,"footnotes":""},"categories":[6],"tags":[],"class_list":["post-2953","post","type-post","status-publish","format-standard","hentry","category-vie-du-club"],"_links":{"self":[{"href":"http:\/\/www.dojo-anshin-arts-martiaux.org\/wordpress\/wp-json\/wp\/v2\/posts\/2953","targetHints":{"allow":["GET"]}}],"collection":[{"href":"http:\/\/www.dojo-anshin-arts-martiaux.org\/wordpress\/wp-json\/wp\/v2\/posts"}],"about":[{"href":"http:\/\/www.dojo-anshin-arts-martiaux.org\/wordpress\/wp-json\/wp\/v2\/types\/post"}],"author":[{"embeddable":true,"href":"http:\/\/www.dojo-anshin-arts-martiaux.org\/wordpress\/wp-json\/wp\/v2\/users\/5"}],"replies":[{"embeddable":true,"href":"http:\/\/www.dojo-anshin-arts-martiaux.org\/wordpress\/wp-json\/wp\/v2\/comments?post=2953"}],"version-history":[{"count":1,"href":"http:\/\/www.dojo-anshin-arts-martiaux.org\/wordpress\/wp-json\/wp\/v2\/posts\/2953\/revisions"}],"predecessor-version":[{"id":2955,"href":"http:\/\/www.dojo-anshin-arts-martiaux.org\/wordpress\/wp-json\/wp\/v2\/posts\/2953\/revisions\/2955"}],"wp:attachment":[{"href":"http:\/\/www.dojo-anshin-arts-martiaux.org\/wordpress\/wp-json\/wp\/v2\/media?parent=2953"}],"wp:term":[{"taxonomy":"category","embeddable":true,"href":"http:\/\/www.dojo-anshin-arts-martiaux.org\/wordpress\/wp-json\/wp\/v2\/categories?post=2953"},{"taxonomy":"post_tag","embeddable":true,"href":"http:\/\/www.dojo-anshin-arts-martiaux.org\/wordpress\/wp-json\/wp\/v2\/tags?post=2953"}],"curies":[{"name":"wp","href":"https:\/\/api.w.org\/{rel}","templated":true}]}}