{"id":2958,"date":"2020-03-04T17:03:58","date_gmt":"2020-03-04T15:03:58","guid":{"rendered":"http:\/\/www.dojo-anshin-arts-martiaux.org\/wordpress\/?p=2958"},"modified":"2020-03-04T17:05:07","modified_gmt":"2020-03-04T15:05:07","slug":"stage-jujitsu-23-mars-2020","status":"publish","type":"post","link":"http:\/\/www.dojo-anshin-arts-martiaux.org\/wordpress\/stage-jujitsu-23-mars-2020\/","title":{"rendered":"STAGE JUJITSU 23 MARS 2020"},"content":{"rendered":"\n<p class=\"has-text-align-center\">RDV le lundi 23 mars 2020 pour le deuxi\u00e8me stage de la saison \u00e0 la Maison du Judo ! <\/p>\n\n\n\n<p><strong>Nous comptons sur la pr\u00e9sence de tous nos adh\u00e9rents (adultes et \u00e0 partir de minimes) ce jour-l\u00e0 \u00e0 la Maison du Judo<\/strong><\/p>\n\n\n\n<figure class=\"wp-block-image size-large\"><img loading=\"lazy\" decoding=\"async\" width=\"724\" height=\"1024\" src=\"http:\/\/www.dojo-anshin-arts-martiaux.org\/wordpress\/wp-content\/uploads\/2020\/03\/stage-23-mars-2020-724x1024.jpg\" alt=\"\" class=\"wp-image-2959\" srcset=\"http:\/\/www.dojo-anshin-arts-martiaux.org\/wordpress\/wp-content\/uploads\/2020\/03\/stage-23-mars-2020-724x1024.jpg 724w, http:\/\/www.dojo-anshin-arts-martiaux.org\/wordpress\/wp-content\/uploads\/2020\/03\/stage-23-mars-2020-212x300.jpg 212w, http:\/\/www.dojo-anshin-arts-martiaux.org\/wordpress\/wp-content\/uploads\/2020\/03\/stage-23-mars-2020-768x1086.jpg 768w, http:\/\/www.dojo-anshin-arts-martiaux.org\/wordpress\/wp-content\/uploads\/2020\/03\/stage-23-mars-2020-1086x1536.jpg 1086w, http:\/\/www.dojo-anshin-arts-martiaux.org\/wordpress\/wp-content\/uploads\/2020\/03\/stage-23-mars-2020-676x956.jpg 676w, http:\/\/www.dojo-anshin-arts-martiaux.org\/wordpress\/wp-content\/uploads\/2020\/03\/stage-23-mars-2020.jpg 1240w\" sizes=\"auto, (max-width: 724px) 100vw, 724px\" \/><\/figure>\n\n\n\n<p class=\"has-text-align-center\"><strong><em>RAPPEL : tous les cours au dojo sont de fait annul\u00e9s ce jour-l\u00e0!<\/em><\/strong><\/p>\n","protected":false},"excerpt":{"rendered":"<p>RDV le lundi 23 mars 2020 pour le deuxi\u00e8me stage de la saison \u00e0 la Maison du Judo ! Nous comptons sur la pr\u00e9sence de tous nos adh\u00e9rents (adultes et \u00e0 partir de minimes) ce jour-l\u00e0 \u00e0 la Maison du Judo RAPPEL : tous les cours au dojo sont de fait annul\u00e9s ce jour-l\u00e0!<\/p>\n","protected":false},"author":5,"featured_media":0,"comment_status":"closed","ping_status":"closed","sticky":false,"template":"","format":"standard","meta":{"ngg_post_thumbnail":0,"footnotes":""},"categories":[6],"tags":[],"class_list":["post-2958","post","type-post","status-publish","format-standard","hentry","category-vie-du-club"],"_links":{"self":[{"href":"http:\/\/www.dojo-anshin-arts-martiaux.org\/wordpress\/wp-json\/wp\/v2\/posts\/2958","targetHints":{"allow":["GET"]}}],"collection":[{"href":"http:\/\/www.dojo-anshin-arts-martiaux.org\/wordpress\/wp-json\/wp\/v2\/posts"}],"about":[{"href":"http:\/\/www.dojo-anshin-arts-martiaux.org\/wordpress\/wp-json\/wp\/v2\/types\/post"}],"author":[{"embeddable":true,"href":"http:\/\/www.dojo-anshin-arts-martiaux.org\/wordpress\/wp-json\/wp\/v2\/users\/5"}],"replies":[{"embeddable":true,"href":"http:\/\/www.dojo-anshin-arts-martiaux.org\/wordpress\/wp-json\/wp\/v2\/comments?post=2958"}],"version-history":[{"count":2,"href":"http:\/\/www.dojo-anshin-arts-martiaux.org\/wordpress\/wp-json\/wp\/v2\/posts\/2958\/revisions"}],"predecessor-version":[{"id":2961,"href":"http:\/\/www.dojo-anshin-arts-martiaux.org\/wordpress\/wp-json\/wp\/v2\/posts\/2958\/revisions\/2961"}],"wp:attachment":[{"href":"http:\/\/www.dojo-anshin-arts-martiaux.org\/wordpress\/wp-json\/wp\/v2\/media?parent=2958"}],"wp:term":[{"taxonomy":"category","embeddable":true,"href":"http:\/\/www.dojo-anshin-arts-martiaux.org\/wordpress\/wp-json\/wp\/v2\/categories?post=2958"},{"taxonomy":"post_tag","embeddable":true,"href":"http:\/\/www.dojo-anshin-arts-martiaux.org\/wordpress\/wp-json\/wp\/v2\/tags?post=2958"}],"curies":[{"name":"wp","href":"https:\/\/api.w.org\/{rel}","templated":true}]}}