{"id":2967,"date":"2020-04-27T17:20:46","date_gmt":"2020-04-27T15:20:46","guid":{"rendered":"http:\/\/www.dojo-anshin-arts-martiaux.org\/wordpress\/?p=2967"},"modified":"2020-04-27T17:20:51","modified_gmt":"2020-04-27T15:20:51","slug":"resultats-championnats-aura-2019-2020","status":"publish","type":"post","link":"http:\/\/www.dojo-anshin-arts-martiaux.org\/wordpress\/resultats-championnats-aura-2019-2020\/","title":{"rendered":"R\u00c9SULTATS CHAMPIONNATS AURA 2019-2020"},"content":{"rendered":"\n<p>La  saison des comp\u00e9titions ayant \u00e9t\u00e9 arr\u00eat\u00e9e plus t\u00f4t que pr\u00e9vu avec les  \u00e9v\u00e8nements actuels, le classement AURA a donc \u00e9t\u00e9 \u00e9tabli sur les deux  premi\u00e8res comp\u00e9titions, la troisi\u00e8me n&rsquo;ayant pas pu avoir lieu. <br> Un  immense bravo \u00e0 tous les combattants, ce fut une super saison sur le  plan du judo pour les plus jeunes, super en jujitsu avec toujours plus  de m\u00e9daill\u00e9s et surtout toujours plus de combattants qui viennent  essayer, r\u00e9ussir, s&rsquo;am\u00e9liorer, affronter leurs peurs &#8230;. Alors vraiment super, nous sommes tr\u00e8s fiers de vous !<\/p>\n\n\n\n<p> Voil\u00e0 le classement 2019-2020 du championnats AURA de Jujitsu combat :<\/p>\n\n\n\n<p> Benjamins \/ minimes :<br> 1er :<br> Emma G<br> Jehane K<br> Timoth\u00e9e K<br> L\u00e9o G<br> Nathan S<br> Aron J<br> Azelia H<br> Ulysse P<br> Younes S<br> Medhi-Amine T<\/p>\n\n\n\n<p> 2\u00e8me :<br> Hugo M-G<br> Jade M<br> Abdelkader M<br> Wassim B<br> Louai B<\/p>\n\n\n\n<p> 3\u00e8me :<br> Jalil B<br> Jules B<\/p>\n\n\n\n<p> NC:<br> Margaux G<br> Maxime L<br> Yanis B<\/p>\n\n\n\n<p> Seniors :<br> Yohan :1er<br> Villeneuve : 3\u00e8me<br> Yann : NC<\/p>\n\n\n\n<figure class=\"wp-block-image size-large\"><img loading=\"lazy\" decoding=\"async\" width=\"1024\" height=\"626\" src=\"http:\/\/www.dojo-anshin-arts-martiaux.org\/wordpress\/wp-content\/uploads\/2020\/04\/DSC_0073-1024x626.jpg\" alt=\"\" class=\"wp-image-2968\" srcset=\"http:\/\/www.dojo-anshin-arts-martiaux.org\/wordpress\/wp-content\/uploads\/2020\/04\/DSC_0073-1024x626.jpg 1024w, http:\/\/www.dojo-anshin-arts-martiaux.org\/wordpress\/wp-content\/uploads\/2020\/04\/DSC_0073-300x184.jpg 300w, http:\/\/www.dojo-anshin-arts-martiaux.org\/wordpress\/wp-content\/uploads\/2020\/04\/DSC_0073-768x470.jpg 768w, http:\/\/www.dojo-anshin-arts-martiaux.org\/wordpress\/wp-content\/uploads\/2020\/04\/DSC_0073-1536x940.jpg 1536w, http:\/\/www.dojo-anshin-arts-martiaux.org\/wordpress\/wp-content\/uploads\/2020\/04\/DSC_0073-2048x1253.jpg 2048w, http:\/\/www.dojo-anshin-arts-martiaux.org\/wordpress\/wp-content\/uploads\/2020\/04\/DSC_0073-676x413.jpg 676w\" sizes=\"auto, (max-width: 1024px) 100vw, 1024px\" \/><figcaption>Les Benjamins \/ minimes \u00e0 Romans<\/figcaption><\/figure>\n\n\n\n<figure class=\"wp-block-image size-large\"><img loading=\"lazy\" decoding=\"async\" width=\"1024\" height=\"682\" src=\"http:\/\/www.dojo-anshin-arts-martiaux.org\/wordpress\/wp-content\/uploads\/2020\/04\/51064665_10212656395915770_7109316188039020544_o-1024x682.jpg\" alt=\"\" class=\"wp-image-2969\" srcset=\"http:\/\/www.dojo-anshin-arts-martiaux.org\/wordpress\/wp-content\/uploads\/2020\/04\/51064665_10212656395915770_7109316188039020544_o-1024x682.jpg 1024w, http:\/\/www.dojo-anshin-arts-martiaux.org\/wordpress\/wp-content\/uploads\/2020\/04\/51064665_10212656395915770_7109316188039020544_o-300x200.jpg 300w, http:\/\/www.dojo-anshin-arts-martiaux.org\/wordpress\/wp-content\/uploads\/2020\/04\/51064665_10212656395915770_7109316188039020544_o-768x512.jpg 768w, http:\/\/www.dojo-anshin-arts-martiaux.org\/wordpress\/wp-content\/uploads\/2020\/04\/51064665_10212656395915770_7109316188039020544_o-1536x1024.jpg 1536w, http:\/\/www.dojo-anshin-arts-martiaux.org\/wordpress\/wp-content\/uploads\/2020\/04\/51064665_10212656395915770_7109316188039020544_o-676x451.jpg 676w, http:\/\/www.dojo-anshin-arts-martiaux.org\/wordpress\/wp-content\/uploads\/2020\/04\/51064665_10212656395915770_7109316188039020544_o.jpg 1844w\" sizes=\"auto, (max-width: 1024px) 100vw, 1024px\" \/><\/figure>\n","protected":false},"excerpt":{"rendered":"<p>La saison des comp\u00e9titions ayant \u00e9t\u00e9 arr\u00eat\u00e9e plus t\u00f4t que pr\u00e9vu avec les \u00e9v\u00e8nements actuels, le classement AURA a donc \u00e9t\u00e9 \u00e9tabli sur les deux premi\u00e8res comp\u00e9titions, la troisi\u00e8me n&rsquo;ayant pas pu avoir lieu. Un immense bravo \u00e0 tous les combattants, ce fut une super saison sur le plan du judo pour les plus jeunes, [&hellip;]<\/p>\n","protected":false},"author":5,"featured_media":0,"comment_status":"closed","ping_status":"closed","sticky":false,"template":"","format":"standard","meta":{"ngg_post_thumbnail":0,"footnotes":""},"categories":[6],"tags":[],"class_list":["post-2967","post","type-post","status-publish","format-standard","hentry","category-vie-du-club"],"_links":{"self":[{"href":"http:\/\/www.dojo-anshin-arts-martiaux.org\/wordpress\/wp-json\/wp\/v2\/posts\/2967","targetHints":{"allow":["GET"]}}],"collection":[{"href":"http:\/\/www.dojo-anshin-arts-martiaux.org\/wordpress\/wp-json\/wp\/v2\/posts"}],"about":[{"href":"http:\/\/www.dojo-anshin-arts-martiaux.org\/wordpress\/wp-json\/wp\/v2\/types\/post"}],"author":[{"embeddable":true,"href":"http:\/\/www.dojo-anshin-arts-martiaux.org\/wordpress\/wp-json\/wp\/v2\/users\/5"}],"replies":[{"embeddable":true,"href":"http:\/\/www.dojo-anshin-arts-martiaux.org\/wordpress\/wp-json\/wp\/v2\/comments?post=2967"}],"version-history":[{"count":1,"href":"http:\/\/www.dojo-anshin-arts-martiaux.org\/wordpress\/wp-json\/wp\/v2\/posts\/2967\/revisions"}],"predecessor-version":[{"id":2970,"href":"http:\/\/www.dojo-anshin-arts-martiaux.org\/wordpress\/wp-json\/wp\/v2\/posts\/2967\/revisions\/2970"}],"wp:attachment":[{"href":"http:\/\/www.dojo-anshin-arts-martiaux.org\/wordpress\/wp-json\/wp\/v2\/media?parent=2967"}],"wp:term":[{"taxonomy":"category","embeddable":true,"href":"http:\/\/www.dojo-anshin-arts-martiaux.org\/wordpress\/wp-json\/wp\/v2\/categories?post=2967"},{"taxonomy":"post_tag","embeddable":true,"href":"http:\/\/www.dojo-anshin-arts-martiaux.org\/wordpress\/wp-json\/wp\/v2\/tags?post=2967"}],"curies":[{"name":"wp","href":"https:\/\/api.w.org\/{rel}","templated":true}]}}