{"id":2980,"date":"2020-09-04T10:24:18","date_gmt":"2020-09-04T08:24:18","guid":{"rendered":"http:\/\/www.dojo-anshin-arts-martiaux.org\/wordpress\/?p=2980"},"modified":"2020-09-04T10:24:20","modified_gmt":"2020-09-04T08:24:20","slug":"protocole-sanitaire-rentree-2020","status":"publish","type":"post","link":"http:\/\/www.dojo-anshin-arts-martiaux.org\/wordpress\/protocole-sanitaire-rentree-2020\/","title":{"rendered":"PROTOCOLE SANITAIRE RENTR\u00c9E 2020"},"content":{"rendered":"\n<p> Bonjour \u00e0 tous,<\/p>\n\n\n\n<p>Comme vous le savez nous allons devoir  utiliser un protocole sanitaire. La f\u00e9d\u00e9ration fran\u00e7aise de judo en a  fait un tr\u00e8s bien que je vous mets en pi\u00e8ce jointe.<\/p>\n\n\n\n<p><br>Pour rappel :<br>&#8211; les enfants et adultes doivent venir en kimono (possibilit\u00e9 d&rsquo;\u00eatre habill\u00e9 par dessus le kimono)- Pr\u00e9voir son sac personnel : il doit contenir :<\/p>\n\n\n\n<p>* une gourde ou bouteille<\/p>\n\n\n\n<p>* ses tongs ou zoori<\/p>\n\n\n\n<p>* ses mouchoirs <\/p>\n\n\n\n<p>*son gel hydroalcoolique (d\u00e9sinfection des mains et des pieds avant de monter sur le tatami)<\/p>\n\n\n\n<p>* un petit sachet (type sac cong\u00e9lation) pour y d\u00e9poser son masque durant l&rsquo;entra\u00eenement* une feuille avec les coordonn\u00e9es de la personne \u00e0 pr\u00e9venir en cas d&rsquo;urgence<\/p>\n\n\n\n<p><br>Nous  rappelons que le masque est obligatoire \u00e0 partir de 11 ans y compris  dans la rue dans les alentours du dojo puisqu&rsquo;\u00e0 l&rsquo;heure actuelle le  masque est obligatoire y compris dans la rue dans la ville de Lyon.Sur  le tatami, seuls les encadrants seront masqu\u00e9s <\/p>\n\n\n\n<p>A  votre arriv\u00e9e dans le dojo, seuls les pratiquants seront autoris\u00e9s \u00e0  p\u00e9n\u00e9trer dans le dojo afin de limiter le nombre de personnes dans le  dojo, un registre d&rsquo;appel sera \u00e0 l&rsquo;entr\u00e9e pour un meilleur suivi  d&rsquo;\u00e9ventuels foyers de contaminations : les membres du dojo (y compris  les encadrants) sont tenus de s&rsquo;inscrire sur ce registre aussi.<\/p>\n\n\n\n<p><br>Nous  comptons sur votre coop\u00e9ration \u00e0 tous pour que tout se passe dans les  meilleures conditions, ce qui implique que s&rsquo;il y a le moindre doute sur  votre \u00e9tat de sant\u00e9 ou sur celui de votre enfant\u00a0 ou en cas de  sympt\u00f4mes, nous vous demandons de ne pas vous rendre au dojo et de nous  en informer. <\/p>\n\n\n\n<p>Nous vous rappelons de bien \nvenir \u00e0 l&rsquo;heure de votre cours, aucun enfant ou adh\u00e9rent ne sera admis \ndans le dojo en dehors de ses horaires d&rsquo;entrainement. <\/p>\n\n\n\n<p>Le  professeur viendra ouvrir les portes pour que les parents puissent  r\u00e9cup\u00e9rer leurs enfants et il ouvrira \u00e0 nouveau pour faire rentrer les  enfants du groupe suivant pour que nous puissions bien r\u00e9guler le trafic  et bien proc\u00e9der aux r\u00e8gles sanitaires en vigueur (rangement,  d\u00e9sinfection etc&#8230;)<\/p>\n\n\n\n<p><br>Pour les cours, tout continuera de se passer comme avant, avec notre bonne humeur et notre passion du judo et du jujitsu ! <\/p>\n\n\n\n<p>Nous avons tellement h\u00e2te de vous retrouver, c&rsquo;est avec une immense joie que nous vous attendons d\u00e8s lundi pour la reprise !<\/p>\n\n\n\n<p>A tr\u00e8s vite sur le tatami  <\/p>\n\n\n\n<figure class=\"wp-block-gallery columns-3 is-cropped wp-block-gallery-1 is-layout-flex wp-block-gallery-is-layout-flex\"><ul class=\"blocks-gallery-grid\"><li class=\"blocks-gallery-item\"><figure><img loading=\"lazy\" decoding=\"async\" width=\"603\" height=\"1024\" src=\"http:\/\/www.dojo-anshin-arts-martiaux.org\/wordpress\/wp-content\/uploads\/2020\/09\/protocole-1-603x1024.jpg\" alt=\"\" data-id=\"3003\" data-full-url=\"http:\/\/www.dojo-anshin-arts-martiaux.org\/wordpress\/wp-content\/uploads\/2020\/09\/protocole-1.jpg\" data-link=\"http:\/\/www.dojo-anshin-arts-martiaux.org\/wordpress\/?attachment_id=3003\" class=\"wp-image-3003\" srcset=\"http:\/\/www.dojo-anshin-arts-martiaux.org\/wordpress\/wp-content\/uploads\/2020\/09\/protocole-1-603x1024.jpg 603w, http:\/\/www.dojo-anshin-arts-martiaux.org\/wordpress\/wp-content\/uploads\/2020\/09\/protocole-1-177x300.jpg 177w, http:\/\/www.dojo-anshin-arts-martiaux.org\/wordpress\/wp-content\/uploads\/2020\/09\/protocole-1-676x1148.jpg 676w, http:\/\/www.dojo-anshin-arts-martiaux.org\/wordpress\/wp-content\/uploads\/2020\/09\/protocole-1.jpg 754w\" sizes=\"auto, (max-width: 603px) 100vw, 603px\" \/><\/figure><\/li><li class=\"blocks-gallery-item\"><figure><img loading=\"lazy\" decoding=\"async\" width=\"598\" height=\"1024\" src=\"http:\/\/www.dojo-anshin-arts-martiaux.org\/wordpress\/wp-content\/uploads\/2020\/09\/protocole-2-598x1024.jpg\" alt=\"\" data-id=\"3004\" data-full-url=\"http:\/\/www.dojo-anshin-arts-martiaux.org\/wordpress\/wp-content\/uploads\/2020\/09\/protocole-2.jpg\" data-link=\"http:\/\/www.dojo-anshin-arts-martiaux.org\/wordpress\/?attachment_id=3004\" class=\"wp-image-3004\" srcset=\"http:\/\/www.dojo-anshin-arts-martiaux.org\/wordpress\/wp-content\/uploads\/2020\/09\/protocole-2-598x1024.jpg 598w, http:\/\/www.dojo-anshin-arts-martiaux.org\/wordpress\/wp-content\/uploads\/2020\/09\/protocole-2-175x300.jpg 175w, http:\/\/www.dojo-anshin-arts-martiaux.org\/wordpress\/wp-content\/uploads\/2020\/09\/protocole-2-676x1157.jpg 676w, http:\/\/www.dojo-anshin-arts-martiaux.org\/wordpress\/wp-content\/uploads\/2020\/09\/protocole-2.jpg 748w\" sizes=\"auto, (max-width: 598px) 100vw, 598px\" \/><\/figure><\/li><li class=\"blocks-gallery-item\"><figure><img loading=\"lazy\" decoding=\"async\" width=\"604\" height=\"1024\" src=\"http:\/\/www.dojo-anshin-arts-martiaux.org\/wordpress\/wp-content\/uploads\/2020\/09\/protocole-3-604x1024.jpg\" alt=\"\" data-id=\"3005\" data-full-url=\"http:\/\/www.dojo-anshin-arts-martiaux.org\/wordpress\/wp-content\/uploads\/2020\/09\/protocole-3.jpg\" data-link=\"http:\/\/www.dojo-anshin-arts-martiaux.org\/wordpress\/?attachment_id=3005\" class=\"wp-image-3005\" srcset=\"http:\/\/www.dojo-anshin-arts-martiaux.org\/wordpress\/wp-content\/uploads\/2020\/09\/protocole-3-604x1024.jpg 604w, http:\/\/www.dojo-anshin-arts-martiaux.org\/wordpress\/wp-content\/uploads\/2020\/09\/protocole-3-177x300.jpg 177w, http:\/\/www.dojo-anshin-arts-martiaux.org\/wordpress\/wp-content\/uploads\/2020\/09\/protocole-3-676x1146.jpg 676w, http:\/\/www.dojo-anshin-arts-martiaux.org\/wordpress\/wp-content\/uploads\/2020\/09\/protocole-3.jpg 755w\" sizes=\"auto, (max-width: 604px) 100vw, 604px\" \/><\/figure><\/li><\/ul><\/figure>\n\n\n\n<p><\/p>\n","protected":false},"excerpt":{"rendered":"<p>Bonjour \u00e0 tous, Comme vous le savez nous allons devoir utiliser un protocole sanitaire. La f\u00e9d\u00e9ration fran\u00e7aise de judo en a fait un tr\u00e8s bien que je vous mets en pi\u00e8ce jointe. Pour rappel :&#8211; les enfants et adultes doivent venir en kimono (possibilit\u00e9 d&rsquo;\u00eatre habill\u00e9 par dessus le kimono)- Pr\u00e9voir son sac personnel : [&hellip;]<\/p>\n","protected":false},"author":5,"featured_media":0,"comment_status":"closed","ping_status":"closed","sticky":false,"template":"","format":"standard","meta":{"ngg_post_thumbnail":0,"footnotes":""},"categories":[6],"tags":[],"class_list":["post-2980","post","type-post","status-publish","format-standard","hentry","category-vie-du-club"],"_links":{"self":[{"href":"http:\/\/www.dojo-anshin-arts-martiaux.org\/wordpress\/wp-json\/wp\/v2\/posts\/2980","targetHints":{"allow":["GET"]}}],"collection":[{"href":"http:\/\/www.dojo-anshin-arts-martiaux.org\/wordpress\/wp-json\/wp\/v2\/posts"}],"about":[{"href":"http:\/\/www.dojo-anshin-arts-martiaux.org\/wordpress\/wp-json\/wp\/v2\/types\/post"}],"author":[{"embeddable":true,"href":"http:\/\/www.dojo-anshin-arts-martiaux.org\/wordpress\/wp-json\/wp\/v2\/users\/5"}],"replies":[{"embeddable":true,"href":"http:\/\/www.dojo-anshin-arts-martiaux.org\/wordpress\/wp-json\/wp\/v2\/comments?post=2980"}],"version-history":[{"count":1,"href":"http:\/\/www.dojo-anshin-arts-martiaux.org\/wordpress\/wp-json\/wp\/v2\/posts\/2980\/revisions"}],"predecessor-version":[{"id":3006,"href":"http:\/\/www.dojo-anshin-arts-martiaux.org\/wordpress\/wp-json\/wp\/v2\/posts\/2980\/revisions\/3006"}],"wp:attachment":[{"href":"http:\/\/www.dojo-anshin-arts-martiaux.org\/wordpress\/wp-json\/wp\/v2\/media?parent=2980"}],"wp:term":[{"taxonomy":"category","embeddable":true,"href":"http:\/\/www.dojo-anshin-arts-martiaux.org\/wordpress\/wp-json\/wp\/v2\/categories?post=2980"},{"taxonomy":"post_tag","embeddable":true,"href":"http:\/\/www.dojo-anshin-arts-martiaux.org\/wordpress\/wp-json\/wp\/v2\/tags?post=2980"}],"curies":[{"name":"wp","href":"https:\/\/api.w.org\/{rel}","templated":true}]}}