{"id":3025,"date":"2020-12-14T22:44:52","date_gmt":"2020-12-14T20:44:52","guid":{"rendered":"http:\/\/www.dojo-anshin-arts-martiaux.org\/wordpress\/?p=3025"},"modified":"2020-12-14T22:44:55","modified_gmt":"2020-12-14T20:44:55","slug":"reprise-pour-les-mineurs-15-decembre-2020","status":"publish","type":"post","link":"http:\/\/www.dojo-anshin-arts-martiaux.org\/wordpress\/reprise-pour-les-mineurs-15-decembre-2020\/","title":{"rendered":"REPRISE POUR LES MINEURS 15 D\u00c9CEMBRE 2020"},"content":{"rendered":"\n<p>La reprise est autoris\u00e9e pour les mineurs d\u00e8s mardi 15 d\u00e9cembre 2020. Les cours seront donc assur\u00e9s jusqu&rsquo;au vendredi 18 d\u00e9cembre 2020 sur les horaires habituels.<\/p>\n\n\n\n<p>Attention, en raison du couvre-feu, les cours se termineront pour tous \u00e0 19h30!<\/p>\n\n\n\n<p><\/p>\n\n\n\n<p>Rappel : Maque obligatoire d\u00e8s 6 ans \/ chacun sa bouteille ou sa gourde \/ venir d\u00e9j\u00e0 en judogi \/ gel hydroalcoolique<\/p>\n\n\n\n<p><\/p>\n","protected":false},"excerpt":{"rendered":"<p>La reprise est autoris\u00e9e pour les mineurs d\u00e8s mardi 15 d\u00e9cembre 2020. Les cours seront donc assur\u00e9s jusqu&rsquo;au vendredi 18 d\u00e9cembre 2020 sur les horaires habituels. Attention, en raison du couvre-feu, les cours se termineront pour tous \u00e0 19h30! Rappel : Maque obligatoire d\u00e8s 6 ans \/ chacun sa bouteille ou sa gourde \/ venir [&hellip;]<\/p>\n","protected":false},"author":5,"featured_media":0,"comment_status":"closed","ping_status":"closed","sticky":false,"template":"","format":"standard","meta":{"ngg_post_thumbnail":0,"footnotes":""},"categories":[6],"tags":[],"class_list":["post-3025","post","type-post","status-publish","format-standard","hentry","category-vie-du-club"],"_links":{"self":[{"href":"http:\/\/www.dojo-anshin-arts-martiaux.org\/wordpress\/wp-json\/wp\/v2\/posts\/3025","targetHints":{"allow":["GET"]}}],"collection":[{"href":"http:\/\/www.dojo-anshin-arts-martiaux.org\/wordpress\/wp-json\/wp\/v2\/posts"}],"about":[{"href":"http:\/\/www.dojo-anshin-arts-martiaux.org\/wordpress\/wp-json\/wp\/v2\/types\/post"}],"author":[{"embeddable":true,"href":"http:\/\/www.dojo-anshin-arts-martiaux.org\/wordpress\/wp-json\/wp\/v2\/users\/5"}],"replies":[{"embeddable":true,"href":"http:\/\/www.dojo-anshin-arts-martiaux.org\/wordpress\/wp-json\/wp\/v2\/comments?post=3025"}],"version-history":[{"count":1,"href":"http:\/\/www.dojo-anshin-arts-martiaux.org\/wordpress\/wp-json\/wp\/v2\/posts\/3025\/revisions"}],"predecessor-version":[{"id":3026,"href":"http:\/\/www.dojo-anshin-arts-martiaux.org\/wordpress\/wp-json\/wp\/v2\/posts\/3025\/revisions\/3026"}],"wp:attachment":[{"href":"http:\/\/www.dojo-anshin-arts-martiaux.org\/wordpress\/wp-json\/wp\/v2\/media?parent=3025"}],"wp:term":[{"taxonomy":"category","embeddable":true,"href":"http:\/\/www.dojo-anshin-arts-martiaux.org\/wordpress\/wp-json\/wp\/v2\/categories?post=3025"},{"taxonomy":"post_tag","embeddable":true,"href":"http:\/\/www.dojo-anshin-arts-martiaux.org\/wordpress\/wp-json\/wp\/v2\/tags?post=3025"}],"curies":[{"name":"wp","href":"https:\/\/api.w.org\/{rel}","templated":true}]}}