{"id":3037,"date":"2021-02-22T23:22:40","date_gmt":"2021-02-22T21:22:40","guid":{"rendered":"http:\/\/www.dojo-anshin-arts-martiaux.org\/wordpress\/?p=3037"},"modified":"2021-02-22T23:22:43","modified_gmt":"2021-02-22T21:22:43","slug":"cours-en-exterieur","status":"publish","type":"post","link":"http:\/\/www.dojo-anshin-arts-martiaux.org\/wordpress\/cours-en-exterieur\/","title":{"rendered":"COURS EN EXTERIEUR"},"content":{"rendered":"\n<p>Bonjour\n\u00e0 tous !<\/p>\n\n\n\n<p>Apr\u00e8s\nplusieurs semaines de cours en vid\u00e9o, le beau temps revenant, nous sautons sur\nl&rsquo;occasion pour proposer une reprise partielle avec des cours en ext\u00e9rieur.<\/p>\n\n\n\n<p>Nous\navons attendu au maximum dans l&rsquo;espoir d&rsquo;avoir de nouvelles directives mais\nn&rsquo;ayant pas de nouvelles informations nous avons d\u00e9cid\u00e9 de proposer des\nentra\u00eenements en ext\u00e9rieur.<\/p>\n\n\n\n<p>Carla,\nJean-Claude et moi \u00e9tant en formation les samedis, nous n&rsquo;avons pas pu\norganiser les cours les mercredis et les samedis,nous avons donc d\u00e9cid\u00e9 de\nproposer des cours de 45 minutes pour tous avec 2 possibilit\u00e9s par cat\u00e9gories,\nchaque soir de semaine ainsi que le mercredi apr\u00e8s-midi. <\/p>\n\n\n\n<p>RDV\ndevant le dojo !<\/p>\n\n\n\n<p><strong>MAT\u00c9RIEL\nOBLIGATOIRE :<\/strong><\/p>\n\n\n\n<p>-masque\nen ext\u00e9rieur d\u00e8s 11 ans<\/p>\n\n\n\n<p>&#8211;\nbouteille d&rsquo;eau remplie car pas d&rsquo;acc\u00e8s au dojo<\/p>\n\n\n\n<p>&#8211;\ntenue de sport (pas de kimono)<\/p>\n\n\n\n<p><strong>Nous\nvous demandons de bien pr\u00e9-inscrire votre enfant AVANT le cours par retour de\nmail ou par SMS au 06-84-52-68-21. <\/strong><\/p>\n\n\n\n<p>En\ncas de mauvais temps, pour ceux qui le souhaitent avec une pr\u00e9-inscription\ntoujours obligatoire, sur les m\u00eames horaires, nous vous proposons une aide aux\ndevoirs (sauf pour Eveils, il s&rsquo;agira d&rsquo;un temps contes \/ histoires et\/ou\ncoloriages) dans le dojo avec port du masque obligatoire d\u00e8s 6 ans comme dans\nle protocole sanitaire mis en place dans le dojo <\/p>\n\n\n\n<p>A tr\u00e8s vite !<\/p>\n\n\n\n<figure class=\"wp-block-image size-large\"><img loading=\"lazy\" decoding=\"async\" width=\"1024\" height=\"723\" src=\"http:\/\/www.dojo-anshin-arts-martiaux.org\/wordpress\/wp-content\/uploads\/2021\/02\/Cours-ext\u00e9rieur-1024x723.jpg\" alt=\"\" class=\"wp-image-3038\" srcset=\"http:\/\/www.dojo-anshin-arts-martiaux.org\/wordpress\/wp-content\/uploads\/2021\/02\/Cours-ext\u00e9rieur-1024x723.jpg 1024w, http:\/\/www.dojo-anshin-arts-martiaux.org\/wordpress\/wp-content\/uploads\/2021\/02\/Cours-ext\u00e9rieur-300x212.jpg 300w, http:\/\/www.dojo-anshin-arts-martiaux.org\/wordpress\/wp-content\/uploads\/2021\/02\/Cours-ext\u00e9rieur-768x543.jpg 768w, http:\/\/www.dojo-anshin-arts-martiaux.org\/wordpress\/wp-content\/uploads\/2021\/02\/Cours-ext\u00e9rieur-676x478.jpg 676w, http:\/\/www.dojo-anshin-arts-martiaux.org\/wordpress\/wp-content\/uploads\/2021\/02\/Cours-ext\u00e9rieur.jpg 1155w\" sizes=\"auto, (max-width: 1024px) 100vw, 1024px\" \/><\/figure>\n","protected":false},"excerpt":{"rendered":"<p>Bonjour \u00e0 tous ! Apr\u00e8s plusieurs semaines de cours en vid\u00e9o, le beau temps revenant, nous sautons sur l&rsquo;occasion pour proposer une reprise partielle avec des cours en ext\u00e9rieur. Nous avons attendu au maximum dans l&rsquo;espoir d&rsquo;avoir de nouvelles directives mais n&rsquo;ayant pas de nouvelles informations nous avons d\u00e9cid\u00e9 de proposer des entra\u00eenements en ext\u00e9rieur. [&hellip;]<\/p>\n","protected":false},"author":5,"featured_media":0,"comment_status":"closed","ping_status":"closed","sticky":false,"template":"","format":"standard","meta":{"ngg_post_thumbnail":0,"footnotes":""},"categories":[6],"tags":[],"class_list":["post-3037","post","type-post","status-publish","format-standard","hentry","category-vie-du-club"],"_links":{"self":[{"href":"http:\/\/www.dojo-anshin-arts-martiaux.org\/wordpress\/wp-json\/wp\/v2\/posts\/3037","targetHints":{"allow":["GET"]}}],"collection":[{"href":"http:\/\/www.dojo-anshin-arts-martiaux.org\/wordpress\/wp-json\/wp\/v2\/posts"}],"about":[{"href":"http:\/\/www.dojo-anshin-arts-martiaux.org\/wordpress\/wp-json\/wp\/v2\/types\/post"}],"author":[{"embeddable":true,"href":"http:\/\/www.dojo-anshin-arts-martiaux.org\/wordpress\/wp-json\/wp\/v2\/users\/5"}],"replies":[{"embeddable":true,"href":"http:\/\/www.dojo-anshin-arts-martiaux.org\/wordpress\/wp-json\/wp\/v2\/comments?post=3037"}],"version-history":[{"count":1,"href":"http:\/\/www.dojo-anshin-arts-martiaux.org\/wordpress\/wp-json\/wp\/v2\/posts\/3037\/revisions"}],"predecessor-version":[{"id":3039,"href":"http:\/\/www.dojo-anshin-arts-martiaux.org\/wordpress\/wp-json\/wp\/v2\/posts\/3037\/revisions\/3039"}],"wp:attachment":[{"href":"http:\/\/www.dojo-anshin-arts-martiaux.org\/wordpress\/wp-json\/wp\/v2\/media?parent=3037"}],"wp:term":[{"taxonomy":"category","embeddable":true,"href":"http:\/\/www.dojo-anshin-arts-martiaux.org\/wordpress\/wp-json\/wp\/v2\/categories?post=3037"},{"taxonomy":"post_tag","embeddable":true,"href":"http:\/\/www.dojo-anshin-arts-martiaux.org\/wordpress\/wp-json\/wp\/v2\/tags?post=3037"}],"curies":[{"name":"wp","href":"https:\/\/api.w.org\/{rel}","templated":true}]}}