{"id":3040,"date":"2021-04-23T06:52:11","date_gmt":"2021-04-23T04:52:11","guid":{"rendered":"http:\/\/www.dojo-anshin-arts-martiaux.org\/wordpress\/?p=3040"},"modified":"2021-04-23T06:52:19","modified_gmt":"2021-04-23T04:52:19","slug":"reprise-semaine-26-avril","status":"publish","type":"post","link":"http:\/\/www.dojo-anshin-arts-martiaux.org\/wordpress\/reprise-semaine-26-avril\/","title":{"rendered":"REPRISE SEMAINE 26 AVRIL"},"content":{"rendered":"\n<p>Bonjour \u00e0 tous, <\/p>\n\n\n\n<p>Nous vous esp\u00e9rons en bonne sant\u00e9!N&rsquo;ayant pas encore d&rsquo;informations concernant le sport, nous poursuivons la semaine prochaine comme les derni\u00e8res semaines : <\/p>\n\n\n\n<p> COURS ENFANTS :<\/p>\n\n\n\n<p>MERCREDI :<\/p>\n\n\n\n<p>13h30-14h15 : POUSSINS  <\/p>\n\n\n\n<p>14h30-15h15 : MINI-POUSSINS  <\/p>\n\n\n\n<p>15h30-16h15 : BENJAMINS-MINIMES<\/p>\n\n\n\n<p>16h30-17h15 : EVEILS <\/p>\n\n\n\n<p>SI vous avez un doute sur la cat\u00e9gorie de votre enfant, n&rsquo;h\u00e9sitez pas \u00e0 m&rsquo;envoyer un petit message je vous aiguillerais \ud83d\ude09 <\/p>\n\n\n\n<p>Pour les adultes pas de changement pour le moment : mardi 17h45 &#8211; 18h45 et mercredi 12h30-13h30<\/p>\n\n\n\n<p> Je vous rappelle qu&rsquo;il est important de nous indiquer la pr\u00e9sence ou non de votre enfant aux s\u00e9ances<\/p>\n\n\n\n<p> D\u00e8s que nous aurons de nouvelles informations, nous modifierons en fonction de nouvelles mesures gouvernementales. <\/p>\n\n\n\n<p>Nous vous remercions de tous vos retours, de votre soutien et de vos adaptations, nous sommes bien conscients de la difficult\u00e9 de la situation et des difficult\u00e9s d&rsquo;organisation que cela peut engendrer.Passez un bon weekend et nous avons h\u00e2te de vous retrouver la semaine prochaine! Fanny et Jclaude<\/p>\n","protected":false},"excerpt":{"rendered":"<p>Bonjour \u00e0 tous, Nous vous esp\u00e9rons en bonne sant\u00e9!N&rsquo;ayant pas encore d&rsquo;informations concernant le sport, nous poursuivons la semaine prochaine comme les derni\u00e8res semaines : COURS ENFANTS : MERCREDI : 13h30-14h15 : POUSSINS 14h30-15h15 : MINI-POUSSINS 15h30-16h15 : BENJAMINS-MINIMES 16h30-17h15 : EVEILS SI vous avez un doute sur la cat\u00e9gorie de votre enfant, n&rsquo;h\u00e9sitez pas [&hellip;]<\/p>\n","protected":false},"author":5,"featured_media":0,"comment_status":"closed","ping_status":"closed","sticky":false,"template":"","format":"standard","meta":{"ngg_post_thumbnail":0,"footnotes":""},"categories":[6],"tags":[],"class_list":["post-3040","post","type-post","status-publish","format-standard","hentry","category-vie-du-club"],"_links":{"self":[{"href":"http:\/\/www.dojo-anshin-arts-martiaux.org\/wordpress\/wp-json\/wp\/v2\/posts\/3040","targetHints":{"allow":["GET"]}}],"collection":[{"href":"http:\/\/www.dojo-anshin-arts-martiaux.org\/wordpress\/wp-json\/wp\/v2\/posts"}],"about":[{"href":"http:\/\/www.dojo-anshin-arts-martiaux.org\/wordpress\/wp-json\/wp\/v2\/types\/post"}],"author":[{"embeddable":true,"href":"http:\/\/www.dojo-anshin-arts-martiaux.org\/wordpress\/wp-json\/wp\/v2\/users\/5"}],"replies":[{"embeddable":true,"href":"http:\/\/www.dojo-anshin-arts-martiaux.org\/wordpress\/wp-json\/wp\/v2\/comments?post=3040"}],"version-history":[{"count":1,"href":"http:\/\/www.dojo-anshin-arts-martiaux.org\/wordpress\/wp-json\/wp\/v2\/posts\/3040\/revisions"}],"predecessor-version":[{"id":3041,"href":"http:\/\/www.dojo-anshin-arts-martiaux.org\/wordpress\/wp-json\/wp\/v2\/posts\/3040\/revisions\/3041"}],"wp:attachment":[{"href":"http:\/\/www.dojo-anshin-arts-martiaux.org\/wordpress\/wp-json\/wp\/v2\/media?parent=3040"}],"wp:term":[{"taxonomy":"category","embeddable":true,"href":"http:\/\/www.dojo-anshin-arts-martiaux.org\/wordpress\/wp-json\/wp\/v2\/categories?post=3040"},{"taxonomy":"post_tag","embeddable":true,"href":"http:\/\/www.dojo-anshin-arts-martiaux.org\/wordpress\/wp-json\/wp\/v2\/tags?post=3040"}],"curies":[{"name":"wp","href":"https:\/\/api.w.org\/{rel}","templated":true}]}}