{"id":3271,"date":"2021-11-08T16:06:12","date_gmt":"2021-11-08T14:06:12","guid":{"rendered":"http:\/\/www.dojo-anshin-arts-martiaux.org\/wordpress\/?p=3271"},"modified":"2021-11-08T16:07:03","modified_gmt":"2021-11-08T14:07:03","slug":"stage-elite-jujitsu-benjamins-minimes","status":"publish","type":"post","link":"http:\/\/www.dojo-anshin-arts-martiaux.org\/wordpress\/stage-elite-jujitsu-benjamins-minimes\/","title":{"rendered":"STAGE ELITE JUJITSU BENJAMINS \/ MINIMES"},"content":{"rendered":"\n<figure class=\"wp-block-image size-large\"><img loading=\"lazy\" decoding=\"async\" width=\"1024\" height=\"575\" src=\"http:\/\/www.dojo-anshin-arts-martiaux.org\/wordpress\/wp-content\/uploads\/2021\/11\/PHOTO-2-1024x575.jpg\" alt=\"\" class=\"wp-image-3272\" srcset=\"http:\/\/www.dojo-anshin-arts-martiaux.org\/wordpress\/wp-content\/uploads\/2021\/11\/PHOTO-2-1024x575.jpg 1024w, http:\/\/www.dojo-anshin-arts-martiaux.org\/wordpress\/wp-content\/uploads\/2021\/11\/PHOTO-2-300x169.jpg 300w, http:\/\/www.dojo-anshin-arts-martiaux.org\/wordpress\/wp-content\/uploads\/2021\/11\/PHOTO-2-768x432.jpg 768w, http:\/\/www.dojo-anshin-arts-martiaux.org\/wordpress\/wp-content\/uploads\/2021\/11\/PHOTO-2-1536x863.jpg 1536w, http:\/\/www.dojo-anshin-arts-martiaux.org\/wordpress\/wp-content\/uploads\/2021\/11\/PHOTO-2-676x380.jpg 676w, http:\/\/www.dojo-anshin-arts-martiaux.org\/wordpress\/wp-content\/uploads\/2021\/11\/PHOTO-2.jpg 1600w\" sizes=\"auto, (max-width: 1024px) 100vw, 1024px\" \/><\/figure>\n\n\n\n<figure class=\"wp-block-image size-large\"><img loading=\"lazy\" decoding=\"async\" width=\"1024\" height=\"575\" src=\"http:\/\/www.dojo-anshin-arts-martiaux.org\/wordpress\/wp-content\/uploads\/2021\/11\/PHOTO-1-1024x575.jpg\" alt=\"\" class=\"wp-image-3273\" srcset=\"http:\/\/www.dojo-anshin-arts-martiaux.org\/wordpress\/wp-content\/uploads\/2021\/11\/PHOTO-1-1024x575.jpg 1024w, http:\/\/www.dojo-anshin-arts-martiaux.org\/wordpress\/wp-content\/uploads\/2021\/11\/PHOTO-1-300x169.jpg 300w, http:\/\/www.dojo-anshin-arts-martiaux.org\/wordpress\/wp-content\/uploads\/2021\/11\/PHOTO-1-768x432.jpg 768w, http:\/\/www.dojo-anshin-arts-martiaux.org\/wordpress\/wp-content\/uploads\/2021\/11\/PHOTO-1-1536x863.jpg 1536w, http:\/\/www.dojo-anshin-arts-martiaux.org\/wordpress\/wp-content\/uploads\/2021\/11\/PHOTO-1-676x380.jpg 676w, http:\/\/www.dojo-anshin-arts-martiaux.org\/wordpress\/wp-content\/uploads\/2021\/11\/PHOTO-1.jpg 1600w\" sizes=\"auto, (max-width: 1024px) 100vw, 1024px\" \/><\/figure>\n\n\n\n<p>Les 28 et 29 octobre dernier, 5 de nos benjamins-minimes ont \u00e9t\u00e9 \u00e0 Ceyrat pour participer au stage Elite de jujitsu combat : Nina, Alfred, Aron, L\u00e9o et Hugo.<\/p>\n\n\n\n<p>Il sont eu la chance de pouvoir travailler de mani\u00e8re intensive certes, mais aussi privil\u00e9gi\u00e9e avec d&rsquo;autres jeunes de la r\u00e9gion. Le jeudi, ils ont m\u00eame pu s&rsquo;entrainer avec le groupe Elite de Judo et le vendredi c&rsquo;\u00e9tait \u00e0 leur tour de faire conna\u00eetre le jujitsu aux judokas pr\u00e9sents. <\/p>\n\n\n\n<p>L&rsquo;\u00e9quipe Jujitsu \u00e9tait compos\u00e9e de nos 5 jeunes, encadr\u00e9s par Jean-Claude, mais aussi du groupe de jeunes Ne Waza encadr\u00e9s par R\u00e9my Marcon et Corentin Mahey, de l&rsquo; A2G (Dr\u00f4me-Ard\u00e8che)<\/p>\n\n\n\n<p>Ce furent 2 jours intenses en sport, mais aussi en rires ! En revanche, plus un bruit dans le minibus du retour ! \ud83d\ude09<\/p>\n\n\n\n<p>Maintenant place \u00e0 la saison de comp\u00e9tition avec le 1er Open r\u00e9gional de Romans sur Is\u00e8re, le 6 Novembre 2021<\/p>\n","protected":false},"excerpt":{"rendered":"<p>Les 28 et 29 octobre dernier, 5 de nos benjamins-minimes ont \u00e9t\u00e9 \u00e0 Ceyrat pour participer au stage Elite de jujitsu combat : Nina, Alfred, Aron, L\u00e9o et Hugo. Il sont eu la chance de pouvoir travailler de mani\u00e8re intensive certes, mais aussi privil\u00e9gi\u00e9e avec d&rsquo;autres jeunes de la r\u00e9gion. Le jeudi, ils ont m\u00eame [&hellip;]<\/p>\n","protected":false},"author":5,"featured_media":0,"comment_status":"closed","ping_status":"closed","sticky":false,"template":"","format":"standard","meta":{"ngg_post_thumbnail":0,"footnotes":""},"categories":[5,6],"tags":[],"class_list":["post-3271","post","type-post","status-publish","format-standard","hentry","category-jujitsu","category-vie-du-club"],"_links":{"self":[{"href":"http:\/\/www.dojo-anshin-arts-martiaux.org\/wordpress\/wp-json\/wp\/v2\/posts\/3271","targetHints":{"allow":["GET"]}}],"collection":[{"href":"http:\/\/www.dojo-anshin-arts-martiaux.org\/wordpress\/wp-json\/wp\/v2\/posts"}],"about":[{"href":"http:\/\/www.dojo-anshin-arts-martiaux.org\/wordpress\/wp-json\/wp\/v2\/types\/post"}],"author":[{"embeddable":true,"href":"http:\/\/www.dojo-anshin-arts-martiaux.org\/wordpress\/wp-json\/wp\/v2\/users\/5"}],"replies":[{"embeddable":true,"href":"http:\/\/www.dojo-anshin-arts-martiaux.org\/wordpress\/wp-json\/wp\/v2\/comments?post=3271"}],"version-history":[{"count":1,"href":"http:\/\/www.dojo-anshin-arts-martiaux.org\/wordpress\/wp-json\/wp\/v2\/posts\/3271\/revisions"}],"predecessor-version":[{"id":3274,"href":"http:\/\/www.dojo-anshin-arts-martiaux.org\/wordpress\/wp-json\/wp\/v2\/posts\/3271\/revisions\/3274"}],"wp:attachment":[{"href":"http:\/\/www.dojo-anshin-arts-martiaux.org\/wordpress\/wp-json\/wp\/v2\/media?parent=3271"}],"wp:term":[{"taxonomy":"category","embeddable":true,"href":"http:\/\/www.dojo-anshin-arts-martiaux.org\/wordpress\/wp-json\/wp\/v2\/categories?post=3271"},{"taxonomy":"post_tag","embeddable":true,"href":"http:\/\/www.dojo-anshin-arts-martiaux.org\/wordpress\/wp-json\/wp\/v2\/tags?post=3271"}],"curies":[{"name":"wp","href":"https:\/\/api.w.org\/{rel}","templated":true}]}}