{"id":3280,"date":"2021-11-08T16:21:45","date_gmt":"2021-11-08T14:21:45","guid":{"rendered":"http:\/\/www.dojo-anshin-arts-martiaux.org\/wordpress\/?p=3280"},"modified":"2021-11-08T16:21:47","modified_gmt":"2021-11-08T14:21:47","slug":"open-romans-sur-isere-benjamins-minimes","status":"publish","type":"post","link":"http:\/\/www.dojo-anshin-arts-martiaux.org\/wordpress\/open-romans-sur-isere-benjamins-minimes\/","title":{"rendered":"OPEN ROMANS SUR ISERE : BENJAMINS\/MINIMES"},"content":{"rendered":"\n<p>Samedi 6 novembre avait lieu le 1er Open r\u00e9gional de Jujitsu organis\u00e9 par la Ligue AURA. <\/p>\n\n\n\n<p> <\/p>\n\n\n\n<p>Le RDV \u00e9tait donn\u00e9 \u00e0 Romans sur Is\u00e8re pour le 1er open r\u00e9gional de jujitsu de la saison. Un grand bravo \u00e0 l\u2019\u00e9quipe vous avez \u00e9t\u00e9 au top et vous avez bien combattu. Super ambiance d\u2019\u00e9quipe , bravo !<\/p>\n\n\n\n<p>R\u00e9sultats :<\/p>\n\n\n\n<p><strong>Benjamins :<\/strong><\/p>\n\n\n\n<figure class=\"wp-block-image\"><img decoding=\"async\" src=\"https:\/\/static.xx.fbcdn.net\/images\/emoji.php\/v9\/ted\/1.5\/16\/1f947.png\" alt=\"&#x1f947;\"\/><\/figure>\n\n\n\n<p> Amine<\/p>\n\n\n\n<figure class=\"wp-block-image\"><img decoding=\"async\" src=\"https:\/\/static.xx.fbcdn.net\/images\/emoji.php\/v9\/ted\/1.5\/16\/1f947.png\" alt=\"&#x1f947;\"\/><\/figure>\n\n\n\n<p> Youcef<\/p>\n\n\n\n<figure class=\"wp-block-image\"><img decoding=\"async\" src=\"https:\/\/static.xx.fbcdn.net\/images\/emoji.php\/v9\/ted\/1.5\/16\/1f947.png\" alt=\"&#x1f947;\"\/><\/figure>\n\n\n\n<p> Arthur <\/p>\n\n\n\n<figure class=\"wp-block-image\"><img decoding=\"async\" src=\"https:\/\/static.xx.fbcdn.net\/images\/emoji.php\/v9\/ted\/1.5\/16\/1f947.png\" alt=\"&#x1f947;\"\/><\/figure>\n\n\n\n<p>Nina<\/p>\n\n\n\n<figure class=\"wp-block-image\"><img decoding=\"async\" src=\"https:\/\/static.xx.fbcdn.net\/images\/emoji.php\/v9\/ted\/1.5\/16\/1f947.png\" alt=\"&#x1f947;\"\/><\/figure>\n\n\n\n<p> K\u00e9o<\/p>\n\n\n\n<p><strong>Minimes :<\/strong><\/p>\n\n\n\n<figure class=\"wp-block-image\"><img decoding=\"async\" src=\"https:\/\/static.xx.fbcdn.net\/images\/emoji.php\/v9\/ted\/1.5\/16\/1f947.png\" alt=\"&#x1f947;\"\/><\/figure>\n\n\n\n<p> Hugo <\/p>\n\n\n\n<figure class=\"wp-block-image\"><img decoding=\"async\" src=\"https:\/\/static.xx.fbcdn.net\/images\/emoji.php\/v9\/ted\/1.5\/16\/1f947.png\" alt=\"&#x1f947;\"\/><\/figure>\n\n\n\n<p>Nathan<\/p>\n\n\n\n<figure class=\"wp-block-image\"><img decoding=\"async\" src=\"https:\/\/static.xx.fbcdn.net\/images\/emoji.php\/v9\/ted\/1.5\/16\/1f947.png\" alt=\"&#x1f947;\"\/><\/figure>\n\n\n\n<p>Timoth\u00e9e <\/p>\n\n\n\n<figure class=\"wp-block-image\"><img decoding=\"async\" src=\"https:\/\/static.xx.fbcdn.net\/images\/emoji.php\/v9\/ted\/1.5\/16\/1f947.png\" alt=\"&#x1f947;\"\/><\/figure>\n\n\n\n<p> Alfred<\/p>\n\n\n\n<figure class=\"wp-block-image\"><img decoding=\"async\" src=\"https:\/\/static.xx.fbcdn.net\/images\/emoji.php\/v9\/ted\/1.5\/16\/1f947.png\" alt=\"&#x1f947;\"\/><\/figure>\n\n\n\n<p>Jehane<\/p>\n\n\n\n<figure class=\"wp-block-image\"><img decoding=\"async\" src=\"https:\/\/static.xx.fbcdn.net\/images\/emoji.php\/v9\/t6e\/1.5\/16\/1f948.png\" alt=\"&#x1f948;\"\/><\/figure>\n\n\n\n<p>L\u00e9o <\/p>\n\n\n\n<figure class=\"wp-block-image\"><img decoding=\"async\" src=\"https:\/\/static.xx.fbcdn.net\/images\/emoji.php\/v9\/t6e\/1.5\/16\/1f948.png\" alt=\"&#x1f948;\"\/><\/figure>\n\n\n\n<p> Maxime <\/p>\n\n\n\n<figure class=\"wp-block-image\"><img decoding=\"async\" src=\"https:\/\/static.xx.fbcdn.net\/images\/emoji.php\/v9\/tef\/1.5\/16\/1f949.png\" alt=\"&#x1f949;\"\/><\/figure>\n\n\n\n<p> Aron <\/p>\n\n\n\n<p>Un immense merci au <a href=\"https:\/\/www.facebook.com\/dojo.romanais?__cft__[0]=AZVP88MzRnmVXLYSd6mbAVpDV6G8YjxdJpUkuR2pEgH2UKvcEYbpNAtgRfFOELU66H68IGCQXs10E1ROMuH9AiuZjP29ODOTND-UX5Ol2i8dWAwBJOWnIxfG1_E_8mutMwg&amp;__tn__=-]K-R\">Dojo Romanais<\/a> pour l\u2019accueil et l\u2019organisation et \u00e9videmment \u00e0 la Ligue Aura et les arbitres qui ont permis l\u2019organisation de cette journ\u00e9e !Vivement qu\u2019il y ait encore plus de combattants et toujours plus de bagarre, je crois qu\u2019ils adorent \u00e7a <\/p>\n","protected":false},"excerpt":{"rendered":"<p>Samedi 6 novembre avait lieu le 1er Open r\u00e9gional de Jujitsu organis\u00e9 par la Ligue AURA. Le RDV \u00e9tait donn\u00e9 \u00e0 Romans sur Is\u00e8re pour le 1er open r\u00e9gional de jujitsu de la saison. Un grand bravo \u00e0 l\u2019\u00e9quipe vous avez \u00e9t\u00e9 au top et vous avez bien combattu. Super ambiance d\u2019\u00e9quipe , bravo ! [&hellip;]<\/p>\n","protected":false},"author":5,"featured_media":0,"comment_status":"closed","ping_status":"closed","sticky":false,"template":"","format":"standard","meta":{"ngg_post_thumbnail":0,"footnotes":""},"categories":[6],"tags":[],"class_list":["post-3280","post","type-post","status-publish","format-standard","hentry","category-vie-du-club"],"_links":{"self":[{"href":"http:\/\/www.dojo-anshin-arts-martiaux.org\/wordpress\/wp-json\/wp\/v2\/posts\/3280","targetHints":{"allow":["GET"]}}],"collection":[{"href":"http:\/\/www.dojo-anshin-arts-martiaux.org\/wordpress\/wp-json\/wp\/v2\/posts"}],"about":[{"href":"http:\/\/www.dojo-anshin-arts-martiaux.org\/wordpress\/wp-json\/wp\/v2\/types\/post"}],"author":[{"embeddable":true,"href":"http:\/\/www.dojo-anshin-arts-martiaux.org\/wordpress\/wp-json\/wp\/v2\/users\/5"}],"replies":[{"embeddable":true,"href":"http:\/\/www.dojo-anshin-arts-martiaux.org\/wordpress\/wp-json\/wp\/v2\/comments?post=3280"}],"version-history":[{"count":1,"href":"http:\/\/www.dojo-anshin-arts-martiaux.org\/wordpress\/wp-json\/wp\/v2\/posts\/3280\/revisions"}],"predecessor-version":[{"id":3281,"href":"http:\/\/www.dojo-anshin-arts-martiaux.org\/wordpress\/wp-json\/wp\/v2\/posts\/3280\/revisions\/3281"}],"wp:attachment":[{"href":"http:\/\/www.dojo-anshin-arts-martiaux.org\/wordpress\/wp-json\/wp\/v2\/media?parent=3280"}],"wp:term":[{"taxonomy":"category","embeddable":true,"href":"http:\/\/www.dojo-anshin-arts-martiaux.org\/wordpress\/wp-json\/wp\/v2\/categories?post=3280"},{"taxonomy":"post_tag","embeddable":true,"href":"http:\/\/www.dojo-anshin-arts-martiaux.org\/wordpress\/wp-json\/wp\/v2\/tags?post=3280"}],"curies":[{"name":"wp","href":"https:\/\/api.w.org\/{rel}","templated":true}]}}