{"id":3290,"date":"2021-11-08T17:09:23","date_gmt":"2021-11-08T15:09:23","guid":{"rendered":"http:\/\/www.dojo-anshin-arts-martiaux.org\/wordpress\/?p=3290"},"modified":"2021-11-08T17:09:24","modified_gmt":"2021-11-08T15:09:24","slug":"championnats-du-monde-2021-abu-dhabi","status":"publish","type":"post","link":"http:\/\/www.dojo-anshin-arts-martiaux.org\/wordpress\/championnats-du-monde-2021-abu-dhabi\/","title":{"rendered":"CHAMPIONNATS DU MONDE 2021 ABU DHABI"},"content":{"rendered":"\n<p>Pour ceux qui nous suivent depuis quelques temps, le nom d&rsquo;Alexandre Perez ne vous est pas inconnu ! <\/p>\n\n\n\n<p>En effet, il brille sur les tatamis depuis quelques ann\u00e9es et son palmar\u00e8sen ferait r\u00eaver plus d&rsquo;un!<\/p>\n\n\n\n<ul class=\"wp-block-list\"><li><strong>Championnats de France :<\/strong>2015 (3), 2016 (3), 2017 (1), 2018 (1), 2019 (2), 2020 (1)<\/li><li><strong>Championnats d&rsquo;Europe :<\/strong> 2018(3 individuel et 1er par \u00e9quipe), 2019 (3 en individuel et 1er par \u00e9quipe)<\/li><li><strong>Championnats du monde :<\/strong> 2015 (3), 2016 (2), 2018 (2 en individuel et 1er par \u00e9quipe), 2019 (3 en individuel et 1er par \u00e9quipe)<\/li><\/ul>\n\n\n\n<p>Cette ann\u00e9e, Alex \u00e9tait \u00e9videmment toujours titulaire dans sa cat\u00e9gorie -94kg. Mais une triple fracture \u00e0 la main en mai dernier et une op\u00e9ration qui a suivie ont fortement perturb\u00e9 la pr\u00e9paration d&rsquo;Alex. Pourtant, apr\u00e8s ces derniers mois compliqu\u00e9s avec le COVID, Alex \u00e9tait sur-motiv\u00e9 \u00e0 l&rsquo;id\u00e9e de pouvoir parfaire sa pr\u00e9paration et revenir avec la m\u00e9daille d&rsquo;or !<\/p>\n\n\n\n<p>Mais la loi du sport en a d\u00e9cid\u00e9 autrement ! Alex se sentait en forme le jour J, mais sa main pas encore r\u00e9tablie compl\u00e8tement l&rsquo;a emp\u00each\u00e9e de pratiquer son Jujitsu comme il l&rsquo;aime. Il \u00e9tait fortement g\u00ean\u00e9 et n&rsquo;a pas r\u00e9ussi \u00e0 imposer son Jujitsu. Il r\u00e9ussit tout de m\u00eame \u00e0 aller jusqu&rsquo;\u00e0 la finale de la place de 3 mais s&rsquo;incline et termine donc 5\u00e8me de ces championnats. Bien que la d\u00e9ception d&rsquo;Alex soit compr\u00e9hensible, c&rsquo;est une superbe place au vu de la situation des derniers mois et de sa blessure ! Mais il est certain que ce n&rsquo;\u00e9tait pas la place qu&rsquo;il m\u00e9ritait !<\/p>\n\n\n\n<p>Mais ce n&rsquo;est que partie remise ! Alex va d&rsquo;abord enti\u00e8rement r\u00e9parer sa main pour pouvoir revenir encore plus fort lors des prochains championnats de France. S&rsquo;en suivront le tournoi de Paris et les championnats d&rsquo;Europe si la situation le permet et si Alex est remis enti\u00e8rement \u00e9videmment !<\/p>\n\n\n\n<p>Quoi qu&rsquo;il en soit, ses coachs Jean-Claude et Andr\u00e9, le club, l&rsquo;\u00e9quipe et \u00e9videmment sa Pr\u00e9sidente \ud83d\ude09 sont tr\u00e8s fiers de lui et soyez pr\u00eats, son retour risque d&rsquo;\u00eatre \u00e9poustouflant ! \ud83d\ude42<\/p>\n\n\n\n<p>A tr\u00e8s vite pour la suite !;-)<\/p>\n\n\n\n<figure class=\"wp-block-image size-large\"><img loading=\"lazy\" decoding=\"async\" width=\"1024\" height=\"684\" src=\"http:\/\/www.dojo-anshin-arts-martiaux.org\/wordpress\/wp-content\/uploads\/2019\/06\/DSC_0748-1024x684.jpg\" alt=\"\" class=\"wp-image-2883\" srcset=\"http:\/\/www.dojo-anshin-arts-martiaux.org\/wordpress\/wp-content\/uploads\/2019\/06\/DSC_0748-1024x684.jpg 1024w, http:\/\/www.dojo-anshin-arts-martiaux.org\/wordpress\/wp-content\/uploads\/2019\/06\/DSC_0748-300x201.jpg 300w, http:\/\/www.dojo-anshin-arts-martiaux.org\/wordpress\/wp-content\/uploads\/2019\/06\/DSC_0748-768x513.jpg 768w, http:\/\/www.dojo-anshin-arts-martiaux.org\/wordpress\/wp-content\/uploads\/2019\/06\/DSC_0748-676x452.jpg 676w\" sizes=\"auto, (max-width: 1024px) 100vw, 1024px\" \/><\/figure>\n","protected":false},"excerpt":{"rendered":"<p>Pour ceux qui nous suivent depuis quelques temps, le nom d&rsquo;Alexandre Perez ne vous est pas inconnu ! En effet, il brille sur les tatamis depuis quelques ann\u00e9es et son palmar\u00e8sen ferait r\u00eaver plus d&rsquo;un! Championnats de France :2015 (3), 2016 (3), 2017 (1), 2018 (1), 2019 (2), 2020 (1) Championnats d&rsquo;Europe : 2018(3 individuel [&hellip;]<\/p>\n","protected":false},"author":5,"featured_media":0,"comment_status":"closed","ping_status":"closed","sticky":false,"template":"","format":"standard","meta":{"ngg_post_thumbnail":0,"footnotes":""},"categories":[6],"tags":[],"class_list":["post-3290","post","type-post","status-publish","format-standard","hentry","category-vie-du-club"],"_links":{"self":[{"href":"http:\/\/www.dojo-anshin-arts-martiaux.org\/wordpress\/wp-json\/wp\/v2\/posts\/3290","targetHints":{"allow":["GET"]}}],"collection":[{"href":"http:\/\/www.dojo-anshin-arts-martiaux.org\/wordpress\/wp-json\/wp\/v2\/posts"}],"about":[{"href":"http:\/\/www.dojo-anshin-arts-martiaux.org\/wordpress\/wp-json\/wp\/v2\/types\/post"}],"author":[{"embeddable":true,"href":"http:\/\/www.dojo-anshin-arts-martiaux.org\/wordpress\/wp-json\/wp\/v2\/users\/5"}],"replies":[{"embeddable":true,"href":"http:\/\/www.dojo-anshin-arts-martiaux.org\/wordpress\/wp-json\/wp\/v2\/comments?post=3290"}],"version-history":[{"count":1,"href":"http:\/\/www.dojo-anshin-arts-martiaux.org\/wordpress\/wp-json\/wp\/v2\/posts\/3290\/revisions"}],"predecessor-version":[{"id":3291,"href":"http:\/\/www.dojo-anshin-arts-martiaux.org\/wordpress\/wp-json\/wp\/v2\/posts\/3290\/revisions\/3291"}],"wp:attachment":[{"href":"http:\/\/www.dojo-anshin-arts-martiaux.org\/wordpress\/wp-json\/wp\/v2\/media?parent=3290"}],"wp:term":[{"taxonomy":"category","embeddable":true,"href":"http:\/\/www.dojo-anshin-arts-martiaux.org\/wordpress\/wp-json\/wp\/v2\/categories?post=3290"},{"taxonomy":"post_tag","embeddable":true,"href":"http:\/\/www.dojo-anshin-arts-martiaux.org\/wordpress\/wp-json\/wp\/v2\/tags?post=3290"}],"curies":[{"name":"wp","href":"https:\/\/api.w.org\/{rel}","templated":true}]}}