{"id":3348,"date":"2022-09-09T13:48:54","date_gmt":"2022-09-09T11:48:54","guid":{"rendered":"http:\/\/www.dojo-anshin-arts-martiaux.org\/wordpress\/?p=3348"},"modified":"2022-09-09T13:48:56","modified_gmt":"2022-09-09T11:48:56","slug":"ouverture-dun-nouveau-cours-benjamins-minimes-jujitsu","status":"publish","type":"post","link":"http:\/\/www.dojo-anshin-arts-martiaux.org\/wordpress\/ouverture-dun-nouveau-cours-benjamins-minimes-jujitsu\/","title":{"rendered":"OUVERTURE D&rsquo;UN  NOUVEAU COURS BENJAMINS\/MINIMES JUJITSU"},"content":{"rendered":"\n<p>face \u00e0 l&rsquo;\u00e9norme demande concernant le cours du mercredi de 18h30 \u00e0 19h30 en jujitsu enfant, nous avons d\u00e9cid\u00e9 d&rsquo;ouvrir un nouveau cr\u00e9neau :<\/p>\n\n\n\n<p class=\"has-text-align-center\">VENDREDI de 18h \u00e0 19h<\/p>\n\n\n\n<p>Une partie du cours du mercredi devra basculer sur ce nouvel horaire et cela permet de cr\u00e9er de nouvelles places disponibles<\/p>\n","protected":false},"excerpt":{"rendered":"<p>face \u00e0 l&rsquo;\u00e9norme demande concernant le cours du mercredi de 18h30 \u00e0 19h30 en jujitsu enfant, nous avons d\u00e9cid\u00e9 d&rsquo;ouvrir un nouveau cr\u00e9neau : VENDREDI de 18h \u00e0 19h Une partie du cours du mercredi devra basculer sur ce nouvel horaire et cela permet de cr\u00e9er de nouvelles places disponibles<\/p>\n","protected":false},"author":5,"featured_media":0,"comment_status":"closed","ping_status":"closed","sticky":false,"template":"","format":"standard","meta":{"ngg_post_thumbnail":0,"footnotes":""},"categories":[6],"tags":[],"class_list":["post-3348","post","type-post","status-publish","format-standard","hentry","category-vie-du-club"],"_links":{"self":[{"href":"http:\/\/www.dojo-anshin-arts-martiaux.org\/wordpress\/wp-json\/wp\/v2\/posts\/3348","targetHints":{"allow":["GET"]}}],"collection":[{"href":"http:\/\/www.dojo-anshin-arts-martiaux.org\/wordpress\/wp-json\/wp\/v2\/posts"}],"about":[{"href":"http:\/\/www.dojo-anshin-arts-martiaux.org\/wordpress\/wp-json\/wp\/v2\/types\/post"}],"author":[{"embeddable":true,"href":"http:\/\/www.dojo-anshin-arts-martiaux.org\/wordpress\/wp-json\/wp\/v2\/users\/5"}],"replies":[{"embeddable":true,"href":"http:\/\/www.dojo-anshin-arts-martiaux.org\/wordpress\/wp-json\/wp\/v2\/comments?post=3348"}],"version-history":[{"count":1,"href":"http:\/\/www.dojo-anshin-arts-martiaux.org\/wordpress\/wp-json\/wp\/v2\/posts\/3348\/revisions"}],"predecessor-version":[{"id":3349,"href":"http:\/\/www.dojo-anshin-arts-martiaux.org\/wordpress\/wp-json\/wp\/v2\/posts\/3348\/revisions\/3349"}],"wp:attachment":[{"href":"http:\/\/www.dojo-anshin-arts-martiaux.org\/wordpress\/wp-json\/wp\/v2\/media?parent=3348"}],"wp:term":[{"taxonomy":"category","embeddable":true,"href":"http:\/\/www.dojo-anshin-arts-martiaux.org\/wordpress\/wp-json\/wp\/v2\/categories?post=3348"},{"taxonomy":"post_tag","embeddable":true,"href":"http:\/\/www.dojo-anshin-arts-martiaux.org\/wordpress\/wp-json\/wp\/v2\/tags?post=3348"}],"curies":[{"name":"wp","href":"https:\/\/api.w.org\/{rel}","templated":true}]}}