{"id":3362,"date":"2022-09-22T13:56:25","date_gmt":"2022-09-22T11:56:25","guid":{"rendered":"http:\/\/www.dojo-anshin-arts-martiaux.org\/wordpress\/?p=3362"},"modified":"2022-09-22T13:56:30","modified_gmt":"2022-09-22T11:56:30","slug":"important-modification-planning-vendredi-30-09-lundi-3-10-et-mardi-4-10","status":"publish","type":"post","link":"http:\/\/www.dojo-anshin-arts-martiaux.org\/wordpress\/important-modification-planning-vendredi-30-09-lundi-3-10-et-mardi-4-10\/","title":{"rendered":"IMPORTANT MODIFICATION PLANNING VENDREDI 30\/09; LUNDI 3\/10 ET MARDI 4\/10"},"content":{"rendered":"\n<p>Bonjour, <\/p>\n\n\n\n<p>En raison de notre d\u00e9placement professionnel au Maroc dans le cadre de la pr\u00e9paration des championnats du monde de Jujitsu qui auront lieu \u00e0 la fin du mois d&rsquo;octobre prochain, les cours sont modifi\u00e9s pour le vendredi 30\/09, le lundi 3\/10 et le mardi 4\/10<\/p>\n\n\n\n<figure class=\"wp-block-image size-large\"><img loading=\"lazy\" decoding=\"async\" width=\"817\" height=\"817\" src=\"http:\/\/www.dojo-anshin-arts-martiaux.org\/wordpress\/wp-content\/uploads\/2022\/09\/MODFICATION-PLANNING-XCEPTIONNELLE.png\" alt=\"\" class=\"wp-image-3363\" srcset=\"http:\/\/www.dojo-anshin-arts-martiaux.org\/wordpress\/wp-content\/uploads\/2022\/09\/MODFICATION-PLANNING-XCEPTIONNELLE.png 817w, http:\/\/www.dojo-anshin-arts-martiaux.org\/wordpress\/wp-content\/uploads\/2022\/09\/MODFICATION-PLANNING-XCEPTIONNELLE-300x300.png 300w, http:\/\/www.dojo-anshin-arts-martiaux.org\/wordpress\/wp-content\/uploads\/2022\/09\/MODFICATION-PLANNING-XCEPTIONNELLE-768x768.png 768w, http:\/\/www.dojo-anshin-arts-martiaux.org\/wordpress\/wp-content\/uploads\/2022\/09\/MODFICATION-PLANNING-XCEPTIONNELLE-676x676.png 676w\" sizes=\"auto, (max-width: 817px) 100vw, 817px\" \/><\/figure>\n\n\n\n<p>Sur demande de la F\u00e9d\u00e9ration Royale du Maroc, nous avons \u00e9t\u00e9 appel\u00e9 pour faire la pr\u00e9paration de l&rsquo;\u00e9quipe nationale du Maroc en vue des championnats du monde prochains. Nous sommes tr\u00e8s fiers de pouvoir faire cette pr\u00e9paration et nous nous excusons pour la g\u00eane occasionn\u00e9e. <\/p>\n\n\n\n<p>Il n&rsquo;est pas facile de trouver des rempla\u00e7ants pour les cours enfants nous avons donc \u00e9t\u00e9 dans l&rsquo;obligation de les annuler et nous remercions Villeneuve et Andr\u00e9 d&rsquo;avoir pu assurer certains cours !<\/p>\n\n\n\n<p>Fanny et Jean-Claude<\/p>\n","protected":false},"excerpt":{"rendered":"<p>Bonjour, En raison de notre d\u00e9placement professionnel au Maroc dans le cadre de la pr\u00e9paration des championnats du monde de Jujitsu qui auront lieu \u00e0 la fin du mois d&rsquo;octobre prochain, les cours sont modifi\u00e9s pour le vendredi 30\/09, le lundi 3\/10 et le mardi 4\/10 Sur demande de la F\u00e9d\u00e9ration Royale du Maroc, nous [&hellip;]<\/p>\n","protected":false},"author":5,"featured_media":0,"comment_status":"closed","ping_status":"closed","sticky":false,"template":"","format":"standard","meta":{"ngg_post_thumbnail":0,"footnotes":""},"categories":[6],"tags":[],"class_list":["post-3362","post","type-post","status-publish","format-standard","hentry","category-vie-du-club"],"_links":{"self":[{"href":"http:\/\/www.dojo-anshin-arts-martiaux.org\/wordpress\/wp-json\/wp\/v2\/posts\/3362","targetHints":{"allow":["GET"]}}],"collection":[{"href":"http:\/\/www.dojo-anshin-arts-martiaux.org\/wordpress\/wp-json\/wp\/v2\/posts"}],"about":[{"href":"http:\/\/www.dojo-anshin-arts-martiaux.org\/wordpress\/wp-json\/wp\/v2\/types\/post"}],"author":[{"embeddable":true,"href":"http:\/\/www.dojo-anshin-arts-martiaux.org\/wordpress\/wp-json\/wp\/v2\/users\/5"}],"replies":[{"embeddable":true,"href":"http:\/\/www.dojo-anshin-arts-martiaux.org\/wordpress\/wp-json\/wp\/v2\/comments?post=3362"}],"version-history":[{"count":1,"href":"http:\/\/www.dojo-anshin-arts-martiaux.org\/wordpress\/wp-json\/wp\/v2\/posts\/3362\/revisions"}],"predecessor-version":[{"id":3364,"href":"http:\/\/www.dojo-anshin-arts-martiaux.org\/wordpress\/wp-json\/wp\/v2\/posts\/3362\/revisions\/3364"}],"wp:attachment":[{"href":"http:\/\/www.dojo-anshin-arts-martiaux.org\/wordpress\/wp-json\/wp\/v2\/media?parent=3362"}],"wp:term":[{"taxonomy":"category","embeddable":true,"href":"http:\/\/www.dojo-anshin-arts-martiaux.org\/wordpress\/wp-json\/wp\/v2\/categories?post=3362"},{"taxonomy":"post_tag","embeddable":true,"href":"http:\/\/www.dojo-anshin-arts-martiaux.org\/wordpress\/wp-json\/wp\/v2\/tags?post=3362"}],"curies":[{"name":"wp","href":"https:\/\/api.w.org\/{rel}","templated":true}]}}