{"id":3461,"date":"2023-06-21T12:19:11","date_gmt":"2023-06-21T10:19:11","guid":{"rendered":"http:\/\/www.dojo-anshin-arts-martiaux.org\/wordpress\/?p=3461"},"modified":"2023-06-21T12:19:12","modified_gmt":"2023-06-21T10:19:12","slug":"grande-nouvelle-au-dojo","status":"publish","type":"post","link":"http:\/\/www.dojo-anshin-arts-martiaux.org\/wordpress\/grande-nouvelle-au-dojo\/","title":{"rendered":"GRANDE NOUVELLE AU DOJO !"},"content":{"rendered":"\n<figure class=\"wp-block-image size-large\"><img loading=\"lazy\" decoding=\"async\" width=\"683\" height=\"1024\" src=\"http:\/\/www.dojo-anshin-arts-martiaux.org\/wordpress\/wp-content\/uploads\/2023\/06\/DSC_0128-683x1024.jpg\" alt=\"\" class=\"wp-image-3463\" srcset=\"http:\/\/www.dojo-anshin-arts-martiaux.org\/wordpress\/wp-content\/uploads\/2023\/06\/DSC_0128-683x1024.jpg 683w, http:\/\/www.dojo-anshin-arts-martiaux.org\/wordpress\/wp-content\/uploads\/2023\/06\/DSC_0128-200x300.jpg 200w, http:\/\/www.dojo-anshin-arts-martiaux.org\/wordpress\/wp-content\/uploads\/2023\/06\/DSC_0128-768x1152.jpg 768w, http:\/\/www.dojo-anshin-arts-martiaux.org\/wordpress\/wp-content\/uploads\/2023\/06\/DSC_0128-1024x1536.jpg 1024w, http:\/\/www.dojo-anshin-arts-martiaux.org\/wordpress\/wp-content\/uploads\/2023\/06\/DSC_0128-1365x2048.jpg 1365w, http:\/\/www.dojo-anshin-arts-martiaux.org\/wordpress\/wp-content\/uploads\/2023\/06\/DSC_0128-676x1014.jpg 676w, http:\/\/www.dojo-anshin-arts-martiaux.org\/wordpress\/wp-content\/uploads\/2023\/06\/DSC_0128-scaled.jpg 1707w\" sizes=\"auto, (max-width: 683px) 100vw, 683px\" \/><\/figure>\n\n\n\n<p>Notre professeur Jean-Claude Rieu a \u00e9t\u00e9 nomm\u00e9 Entraineur de l&rsquo;\u00e9quipe de France de Jujitsu combat depuis le mois d&rsquo;avril !<\/p>\n\n\n\n<p>Le club est tr\u00e8s fier et le f\u00e9licite pour cette belle nomination !<\/p>\n","protected":false},"excerpt":{"rendered":"<p>Notre professeur Jean-Claude Rieu a \u00e9t\u00e9 nomm\u00e9 Entraineur de l&rsquo;\u00e9quipe de France de Jujitsu combat depuis le mois d&rsquo;avril ! Le club est tr\u00e8s fier et le f\u00e9licite pour cette belle nomination !<\/p>\n","protected":false},"author":5,"featured_media":0,"comment_status":"open","ping_status":"open","sticky":false,"template":"","format":"standard","meta":{"ngg_post_thumbnail":0,"footnotes":""},"categories":[6],"tags":[],"class_list":["post-3461","post","type-post","status-publish","format-standard","hentry","category-vie-du-club"],"_links":{"self":[{"href":"http:\/\/www.dojo-anshin-arts-martiaux.org\/wordpress\/wp-json\/wp\/v2\/posts\/3461","targetHints":{"allow":["GET"]}}],"collection":[{"href":"http:\/\/www.dojo-anshin-arts-martiaux.org\/wordpress\/wp-json\/wp\/v2\/posts"}],"about":[{"href":"http:\/\/www.dojo-anshin-arts-martiaux.org\/wordpress\/wp-json\/wp\/v2\/types\/post"}],"author":[{"embeddable":true,"href":"http:\/\/www.dojo-anshin-arts-martiaux.org\/wordpress\/wp-json\/wp\/v2\/users\/5"}],"replies":[{"embeddable":true,"href":"http:\/\/www.dojo-anshin-arts-martiaux.org\/wordpress\/wp-json\/wp\/v2\/comments?post=3461"}],"version-history":[{"count":1,"href":"http:\/\/www.dojo-anshin-arts-martiaux.org\/wordpress\/wp-json\/wp\/v2\/posts\/3461\/revisions"}],"predecessor-version":[{"id":3464,"href":"http:\/\/www.dojo-anshin-arts-martiaux.org\/wordpress\/wp-json\/wp\/v2\/posts\/3461\/revisions\/3464"}],"wp:attachment":[{"href":"http:\/\/www.dojo-anshin-arts-martiaux.org\/wordpress\/wp-json\/wp\/v2\/media?parent=3461"}],"wp:term":[{"taxonomy":"category","embeddable":true,"href":"http:\/\/www.dojo-anshin-arts-martiaux.org\/wordpress\/wp-json\/wp\/v2\/categories?post=3461"},{"taxonomy":"post_tag","embeddable":true,"href":"http:\/\/www.dojo-anshin-arts-martiaux.org\/wordpress\/wp-json\/wp\/v2\/tags?post=3461"}],"curies":[{"name":"wp","href":"https:\/\/api.w.org\/{rel}","templated":true}]}}