{"id":3468,"date":"2023-08-14T15:40:30","date_gmt":"2023-08-14T13:40:30","guid":{"rendered":"http:\/\/www.dojo-anshin-arts-martiaux.org\/wordpress\/?p=3468"},"modified":"2023-08-14T15:40:32","modified_gmt":"2023-08-14T13:40:32","slug":"bientot-le-depart-pour-les-championnats-du-monde-de-jujitsu","status":"publish","type":"post","link":"http:\/\/www.dojo-anshin-arts-martiaux.org\/wordpress\/bientot-le-depart-pour-les-championnats-du-monde-de-jujitsu\/","title":{"rendered":"BIENT\u00d4T LE D\u00c9PART POUR LES CHAMPIONNATS DU MONDE DE JUJITSU !"},"content":{"rendered":"\n<p>Le d\u00e9part pour les 3 athl\u00e8tes du Dojo Anshin se fera dimanche 20 ao\u00fbt ! Direction le Kazakhstan pour les championnats du monde cadets \/ juniors de jujitsu combat !<\/p>\n\n\n\n<p>Merci \u00e0 tous et \u00e0 nos partenaires sans qui ce voyage n&rsquo;aurait pas pu avoir lieu !<\/p>\n\n\n\n<figure class=\"wp-block-image size-full\"><img loading=\"lazy\" decoding=\"async\" width=\"1000\" height=\"566\" src=\"http:\/\/www.dojo-anshin-arts-martiaux.org\/wordpress\/wp-content\/uploads\/2023\/08\/preview.jpg\" alt=\"\" class=\"wp-image-3469\" srcset=\"http:\/\/www.dojo-anshin-arts-martiaux.org\/wordpress\/wp-content\/uploads\/2023\/08\/preview.jpg 1000w, http:\/\/www.dojo-anshin-arts-martiaux.org\/wordpress\/wp-content\/uploads\/2023\/08\/preview-300x170.jpg 300w, http:\/\/www.dojo-anshin-arts-martiaux.org\/wordpress\/wp-content\/uploads\/2023\/08\/preview-768x435.jpg 768w, http:\/\/www.dojo-anshin-arts-martiaux.org\/wordpress\/wp-content\/uploads\/2023\/08\/preview-676x383.jpg 676w\" sizes=\"auto, (max-width: 1000px) 100vw, 1000px\" \/><\/figure>\n\n\n<div class=\"wp-block-image\">\n<figure class=\"aligncenter size-full\"><img loading=\"lazy\" decoding=\"async\" width=\"304\" height=\"381\" src=\"http:\/\/www.dojo-anshin-arts-martiaux.org\/wordpress\/wp-content\/uploads\/2023\/08\/Image1.png\" alt=\"\" class=\"wp-image-3470\" srcset=\"http:\/\/www.dojo-anshin-arts-martiaux.org\/wordpress\/wp-content\/uploads\/2023\/08\/Image1.png 304w, http:\/\/www.dojo-anshin-arts-martiaux.org\/wordpress\/wp-content\/uploads\/2023\/08\/Image1-239x300.png 239w\" sizes=\"auto, (max-width: 304px) 100vw, 304px\" \/><\/figure>\n<\/div>\n\n\n<figure class=\"wp-block-image size-large\"><img loading=\"lazy\" decoding=\"async\" width=\"1024\" height=\"133\" src=\"http:\/\/www.dojo-anshin-arts-martiaux.org\/wordpress\/wp-content\/uploads\/2023\/08\/croppedimage-a7082ef66c454d24b9a97467bb110903-1024x133.png\" alt=\"\" class=\"wp-image-3471\" srcset=\"http:\/\/www.dojo-anshin-arts-martiaux.org\/wordpress\/wp-content\/uploads\/2023\/08\/croppedimage-a7082ef66c454d24b9a97467bb110903-1024x133.png 1024w, http:\/\/www.dojo-anshin-arts-martiaux.org\/wordpress\/wp-content\/uploads\/2023\/08\/croppedimage-a7082ef66c454d24b9a97467bb110903-300x39.png 300w, http:\/\/www.dojo-anshin-arts-martiaux.org\/wordpress\/wp-content\/uploads\/2023\/08\/croppedimage-a7082ef66c454d24b9a97467bb110903-768x100.png 768w, http:\/\/www.dojo-anshin-arts-martiaux.org\/wordpress\/wp-content\/uploads\/2023\/08\/croppedimage-a7082ef66c454d24b9a97467bb110903-1536x200.png 1536w, http:\/\/www.dojo-anshin-arts-martiaux.org\/wordpress\/wp-content\/uploads\/2023\/08\/croppedimage-a7082ef66c454d24b9a97467bb110903-676x88.png 676w, http:\/\/www.dojo-anshin-arts-martiaux.org\/wordpress\/wp-content\/uploads\/2023\/08\/croppedimage-a7082ef66c454d24b9a97467bb110903.png 1920w\" sizes=\"auto, (max-width: 1024px) 100vw, 1024px\" \/><\/figure>\n","protected":false},"excerpt":{"rendered":"<p>Le d\u00e9part pour les 3 athl\u00e8tes du Dojo Anshin se fera dimanche 20 ao\u00fbt ! Direction le Kazakhstan pour les championnats du monde cadets \/ juniors de jujitsu combat ! Merci \u00e0 tous et \u00e0 nos partenaires sans qui ce voyage n&rsquo;aurait pas pu avoir lieu !<\/p>\n","protected":false},"author":5,"featured_media":0,"comment_status":"open","ping_status":"open","sticky":false,"template":"","format":"standard","meta":{"ngg_post_thumbnail":0,"footnotes":""},"categories":[6],"tags":[],"class_list":["post-3468","post","type-post","status-publish","format-standard","hentry","category-vie-du-club"],"_links":{"self":[{"href":"http:\/\/www.dojo-anshin-arts-martiaux.org\/wordpress\/wp-json\/wp\/v2\/posts\/3468","targetHints":{"allow":["GET"]}}],"collection":[{"href":"http:\/\/www.dojo-anshin-arts-martiaux.org\/wordpress\/wp-json\/wp\/v2\/posts"}],"about":[{"href":"http:\/\/www.dojo-anshin-arts-martiaux.org\/wordpress\/wp-json\/wp\/v2\/types\/post"}],"author":[{"embeddable":true,"href":"http:\/\/www.dojo-anshin-arts-martiaux.org\/wordpress\/wp-json\/wp\/v2\/users\/5"}],"replies":[{"embeddable":true,"href":"http:\/\/www.dojo-anshin-arts-martiaux.org\/wordpress\/wp-json\/wp\/v2\/comments?post=3468"}],"version-history":[{"count":1,"href":"http:\/\/www.dojo-anshin-arts-martiaux.org\/wordpress\/wp-json\/wp\/v2\/posts\/3468\/revisions"}],"predecessor-version":[{"id":3472,"href":"http:\/\/www.dojo-anshin-arts-martiaux.org\/wordpress\/wp-json\/wp\/v2\/posts\/3468\/revisions\/3472"}],"wp:attachment":[{"href":"http:\/\/www.dojo-anshin-arts-martiaux.org\/wordpress\/wp-json\/wp\/v2\/media?parent=3468"}],"wp:term":[{"taxonomy":"category","embeddable":true,"href":"http:\/\/www.dojo-anshin-arts-martiaux.org\/wordpress\/wp-json\/wp\/v2\/categories?post=3468"},{"taxonomy":"post_tag","embeddable":true,"href":"http:\/\/www.dojo-anshin-arts-martiaux.org\/wordpress\/wp-json\/wp\/v2\/tags?post=3468"}],"curies":[{"name":"wp","href":"https:\/\/api.w.org\/{rel}","templated":true}]}}