{"id":3513,"date":"2023-11-09T22:04:49","date_gmt":"2023-11-09T20:04:49","guid":{"rendered":"http:\/\/www.dojo-anshin-arts-martiaux.org\/wordpress\/?p=3513"},"modified":"2023-11-09T22:17:54","modified_gmt":"2023-11-09T20:17:54","slug":"championnats-deurope-jujitsu-combat","status":"publish","type":"post","link":"http:\/\/www.dojo-anshin-arts-martiaux.org\/wordpress\/championnats-deurope-jujitsu-combat\/","title":{"rendered":"CHAMPIONNATS D&rsquo;EUROPE JUJITSU COMBAT"},"content":{"rendered":"\n<figure class=\"wp-block-image size-full is-resized\"><img loading=\"lazy\" decoding=\"async\" width=\"940\" height=\"788\" src=\"http:\/\/www.dojo-anshin-arts-martiaux.org\/wordpress\/wp-content\/uploads\/2023\/11\/Alexandre-Perez.png\" alt=\"\" class=\"wp-image-3511\" style=\"width:840px;height:auto\" srcset=\"http:\/\/www.dojo-anshin-arts-martiaux.org\/wordpress\/wp-content\/uploads\/2023\/11\/Alexandre-Perez.png 940w, http:\/\/www.dojo-anshin-arts-martiaux.org\/wordpress\/wp-content\/uploads\/2023\/11\/Alexandre-Perez-300x251.png 300w, http:\/\/www.dojo-anshin-arts-martiaux.org\/wordpress\/wp-content\/uploads\/2023\/11\/Alexandre-Perez-768x644.png 768w, http:\/\/www.dojo-anshin-arts-martiaux.org\/wordpress\/wp-content\/uploads\/2023\/11\/Alexandre-Perez-676x567.png 676w\" sizes=\"auto, (max-width: 940px) 100vw, 940px\" \/><\/figure>\n\n\n\n<p>C&rsquo;est reparti ! Alex est \u00e0 nouveau s\u00e9lectionn\u00e9 pour les championnats d&rsquo;Europe de Jujitsu ! Ils auront lieu du 21 au 26 novembre \u00e0 Zagreb en Croatie.<\/p>\n\n\n\n<p>Tout le club est derri\u00e8re Alex et nous esp\u00e9rons qu&rsquo;il nous ram\u00e8nera une belle m\u00e9daille !<\/p>\n\n\n\n<p>Bravo aussi \u00e0 Jean-Claude Rieu, directeur technique du Dojo Anshin et entraineur de l&rsquo;\u00e9quipe de France qui sera lui aussi du voyage !<\/p>\n\n\n\n<p>ALLEZ LE DOJO ANSHIN!!!!<\/p>\n","protected":false},"excerpt":{"rendered":"<p>C&rsquo;est reparti ! Alex est \u00e0 nouveau s\u00e9lectionn\u00e9 pour les championnats d&rsquo;Europe de Jujitsu ! Ils auront lieu du 21 au 26 novembre \u00e0 Zagreb en Croatie. Tout le club est derri\u00e8re Alex et nous esp\u00e9rons qu&rsquo;il nous ram\u00e8nera une belle m\u00e9daille ! Bravo aussi \u00e0 Jean-Claude Rieu, directeur technique du Dojo Anshin et entraineur [&hellip;]<\/p>\n","protected":false},"author":5,"featured_media":0,"comment_status":"open","ping_status":"open","sticky":false,"template":"","format":"standard","meta":{"ngg_post_thumbnail":0,"footnotes":""},"categories":[6],"tags":[],"class_list":["post-3513","post","type-post","status-publish","format-standard","hentry","category-vie-du-club"],"_links":{"self":[{"href":"http:\/\/www.dojo-anshin-arts-martiaux.org\/wordpress\/wp-json\/wp\/v2\/posts\/3513","targetHints":{"allow":["GET"]}}],"collection":[{"href":"http:\/\/www.dojo-anshin-arts-martiaux.org\/wordpress\/wp-json\/wp\/v2\/posts"}],"about":[{"href":"http:\/\/www.dojo-anshin-arts-martiaux.org\/wordpress\/wp-json\/wp\/v2\/types\/post"}],"author":[{"embeddable":true,"href":"http:\/\/www.dojo-anshin-arts-martiaux.org\/wordpress\/wp-json\/wp\/v2\/users\/5"}],"replies":[{"embeddable":true,"href":"http:\/\/www.dojo-anshin-arts-martiaux.org\/wordpress\/wp-json\/wp\/v2\/comments?post=3513"}],"version-history":[{"count":3,"href":"http:\/\/www.dojo-anshin-arts-martiaux.org\/wordpress\/wp-json\/wp\/v2\/posts\/3513\/revisions"}],"predecessor-version":[{"id":3517,"href":"http:\/\/www.dojo-anshin-arts-martiaux.org\/wordpress\/wp-json\/wp\/v2\/posts\/3513\/revisions\/3517"}],"wp:attachment":[{"href":"http:\/\/www.dojo-anshin-arts-martiaux.org\/wordpress\/wp-json\/wp\/v2\/media?parent=3513"}],"wp:term":[{"taxonomy":"category","embeddable":true,"href":"http:\/\/www.dojo-anshin-arts-martiaux.org\/wordpress\/wp-json\/wp\/v2\/categories?post=3513"},{"taxonomy":"post_tag","embeddable":true,"href":"http:\/\/www.dojo-anshin-arts-martiaux.org\/wordpress\/wp-json\/wp\/v2\/tags?post=3513"}],"curies":[{"name":"wp","href":"https:\/\/api.w.org\/{rel}","templated":true}]}}