{"id":3572,"date":"2024-03-09T20:15:23","date_gmt":"2024-03-09T18:15:23","guid":{"rendered":"http:\/\/www.dojo-anshin-arts-martiaux.org\/wordpress\/?p=3572"},"modified":"2024-03-09T20:15:25","modified_gmt":"2024-03-09T18:15:25","slug":"resultats-championnats-de-france-cadets-juniors","status":"publish","type":"post","link":"http:\/\/www.dojo-anshin-arts-martiaux.org\/wordpress\/resultats-championnats-de-france-cadets-juniors\/","title":{"rendered":"R\u00c9SULTATS CHAMPIONNATS DE FRANCE CADETS JUNIORS"},"content":{"rendered":"\n<p>Durant les vacances de f\u00e9vrier avaient lieu les championnats de France Cadets et juniors \u00e0 Verquin (59)<\/p>\n\n\n\n<p>13 athl\u00e8tes \u00e9taient s\u00e9lectionn\u00e9s du Dojo :&nbsp;<\/p>\n\n\n\n<p>Timoth\u00e9e Kapps &#x1f947;<\/p>\n\n\n\n<p>Mehdi Amine Taibi &#x1f947;<\/p>\n\n\n\n<p>Margaux Gros &#x1f949;<\/p>\n\n\n\n<p>Sirine Arjoun &#x1f949;<\/p>\n\n\n\n<p>Jehane Kengne&#x1f949;<\/p>\n\n\n\n<p>Azelia Hammache &#x1f949;<\/p>\n\n\n\n<p>Betty Maurel&#x1f949;<\/p>\n\n\n\n<p>Hugo Mermet Guyennet&#x1f949;<\/p>\n\n\n\n<p>Lyes Cherif &#x1f949;<\/p>\n\n\n\n<p>Younes Saadli &#x1f949;<\/p>\n\n\n\n<p>Alfred Ranjeva 5&#xfe0f;&#x20e3;<\/p>\n\n\n\n<p>Mohamed Cherif 7&#xfe0f;&#x20e3;<\/p>\n\n\n\n<p>L\u00e9o Gallion 9&#xfe0f;&#x20e3;<\/p>\n\n\n\n<p>6 d&rsquo;entre-eux ont obtenus leurs s\u00e9lections pour les prochains championnats d&rsquo;Europe et du monde :<\/p>\n\n\n\n<p>championnats d&rsquo;Europe : 5-7 avril 2024 en Roumanie<\/p>\n\n\n\n<p>Championnats du monde : novembre 2025 en Cr\u00eate<\/p>\n\n\n\n<p>Timoth\u00e9e Kapps&nbsp;<\/p>\n\n\n\n<p>Mehdi Amine Taibi&nbsp;<\/p>\n\n\n\n<p>Margaux Gros&nbsp;<\/p>\n\n\n\n<p>Sirine Arjoun&nbsp;<\/p>\n\n\n\n<p>Jehane Kengne<\/p>\n\n\n\n<p>Hugo Mermet Guyennet<\/p>\n\n\n\n<p>Le club est tr\u00e8s fier de toute cette belle \u00e9quipe !<\/p>\n","protected":false},"excerpt":{"rendered":"<p>Durant les vacances de f\u00e9vrier avaient lieu les championnats de France Cadets et juniors \u00e0 Verquin (59) 13 athl\u00e8tes \u00e9taient s\u00e9lectionn\u00e9s du Dojo :&nbsp; Timoth\u00e9e Kapps &#x1f947; Mehdi Amine Taibi &#x1f947; Margaux Gros &#x1f949; Sirine Arjoun &#x1f949; Jehane Kengne&#x1f949; Azelia Hammache &#x1f949; Betty Maurel&#x1f949; Hugo Mermet Guyennet&#x1f949; Lyes Cherif &#x1f949; Younes Saadli &#x1f949; Alfred Ranjeva [&hellip;]<\/p>\n","protected":false},"author":5,"featured_media":0,"comment_status":"open","ping_status":"open","sticky":false,"template":"","format":"standard","meta":{"ngg_post_thumbnail":0,"footnotes":""},"categories":[6],"tags":[],"class_list":["post-3572","post","type-post","status-publish","format-standard","hentry","category-vie-du-club"],"_links":{"self":[{"href":"http:\/\/www.dojo-anshin-arts-martiaux.org\/wordpress\/wp-json\/wp\/v2\/posts\/3572","targetHints":{"allow":["GET"]}}],"collection":[{"href":"http:\/\/www.dojo-anshin-arts-martiaux.org\/wordpress\/wp-json\/wp\/v2\/posts"}],"about":[{"href":"http:\/\/www.dojo-anshin-arts-martiaux.org\/wordpress\/wp-json\/wp\/v2\/types\/post"}],"author":[{"embeddable":true,"href":"http:\/\/www.dojo-anshin-arts-martiaux.org\/wordpress\/wp-json\/wp\/v2\/users\/5"}],"replies":[{"embeddable":true,"href":"http:\/\/www.dojo-anshin-arts-martiaux.org\/wordpress\/wp-json\/wp\/v2\/comments?post=3572"}],"version-history":[{"count":1,"href":"http:\/\/www.dojo-anshin-arts-martiaux.org\/wordpress\/wp-json\/wp\/v2\/posts\/3572\/revisions"}],"predecessor-version":[{"id":3573,"href":"http:\/\/www.dojo-anshin-arts-martiaux.org\/wordpress\/wp-json\/wp\/v2\/posts\/3572\/revisions\/3573"}],"wp:attachment":[{"href":"http:\/\/www.dojo-anshin-arts-martiaux.org\/wordpress\/wp-json\/wp\/v2\/media?parent=3572"}],"wp:term":[{"taxonomy":"category","embeddable":true,"href":"http:\/\/www.dojo-anshin-arts-martiaux.org\/wordpress\/wp-json\/wp\/v2\/categories?post=3572"},{"taxonomy":"post_tag","embeddable":true,"href":"http:\/\/www.dojo-anshin-arts-martiaux.org\/wordpress\/wp-json\/wp\/v2\/tags?post=3572"}],"curies":[{"name":"wp","href":"https:\/\/api.w.org\/{rel}","templated":true}]}}