{"id":3635,"date":"2024-09-08T15:44:02","date_gmt":"2024-09-08T13:44:02","guid":{"rendered":"http:\/\/www.dojo-anshin-arts-martiaux.org\/wordpress\/?p=3635"},"modified":"2024-09-08T15:44:04","modified_gmt":"2024-09-08T13:44:04","slug":"infos-reprise","status":"publish","type":"post","link":"http:\/\/www.dojo-anshin-arts-martiaux.org\/wordpress\/infos-reprise\/","title":{"rendered":"INFOS REPRISE"},"content":{"rendered":"\n<p>Bonjour \u00e0 tous !<\/p>\n\n\n\n<p>La rentr\u00e9e arrive \u00e0 grands pas !<\/p>\n\n\n\n<p>Quelques infos :&nbsp;<\/p>\n\n\n\n<p><strong><u>1\/ Reprise des cours :<\/u><\/strong><\/p>\n\n\n\n<p>La reprise de tous les cours aura lieu \u00e0 partir du 9 septembre sur les horaires que vous avez choisi lors de l&rsquo;inscription<\/p>\n\n\n\n<p><strong><u>2\/ Save the date !<\/u><\/strong><\/p>\n\n\n\n<p>Le gala de fin d&rsquo;ann\u00e9e aura lieu cette ann\u00e9e le samedi 7 juin au gymnase des Batti\u00e8res. Nous comptons comme chaque ann\u00e9e sur la pr\u00e9sence de tous !<\/p>\n\n\n\n<p><strong><u>3\/ Cours d&rsquo;essai :<\/u><\/strong><\/p>\n\n\n\n<p>Pour ceux qui souhaitent faire un cours d&rsquo;essai, il est important par la suite de nous sp\u00e9cifier si vous maintenez ou non l&rsquo;inscription afin de pouvoir inscrire ceux qui sont sur liste d&rsquo;attente en cas de d\u00e9sistement.<\/p>\n\n\n\n<p><strong><u>4\/ Tenue :<\/u><\/strong><\/p>\n\n\n\n<p>Pour les cours d&rsquo;essai, il faut venir en surv\u00eatement, t shirt, avec une gourde&nbsp;<\/p>\n\n\n\n<p><strong><u>5\/ R\u00e8glements<\/u><\/strong><\/p>\n\n\n\n<p>Pour ceux qui doivent encore r\u00e9gler des inscriptions (pour rappel, tout se fait uniquement en ligne dor\u00e9navant mais il est toujours possible de r\u00e9gler sur place en ch\u00e8ques vacances, ch\u00e8ques ou esp\u00e8ces (uniquement avec la totalit\u00e9 de la somme, il n&rsquo;est pas possible de r\u00e9gler par esp\u00e8ces en plusieurs fois)<\/p>\n\n\n\n<p>Des permanences auront lieu la semaine prochaine lors des intercours afin de ne pas d\u00e9ranger le cours et permettre aux enfants de s&rsquo;approprier le dojo tranquillement<\/p>\n\n\n\n<p>Lundi 9 septembre : 16h45 &#8211; 17h15 \/ 18h15-18h30 \/ 19h30 &#8211; 20h<\/p>\n\n\n\n<p>Mardi 10 septembre: 16h45-17h10 \/ 18h15-18h30 \/ 19h30-20h<\/p>\n\n\n\n<p>Mercredi 11 septembre: 13h15 &#8211; 13h30 \/ 14h30-14h45 \/ 15h45-16h \/ 17h-17h15 \/ 18h15-18h30 \/ 19h30-20h<\/p>\n\n\n\n<p>Jeudi 12 septembre: 16h45-17h15<\/p>\n\n\n\n<p>Vendredi 13 septembre : 17h45-18h \/ 19h-19h15<\/p>\n\n\n\n<p>Comme nous n&rsquo;avons pas un local \u00e0 proprement parl\u00e9 pour permettre de faire les inscriptions sans d\u00e9ranger le dojo, nous vous demandons de bien respecter ces horaires car il n&rsquo;est pas possible de g\u00e9rer cela durant les cours<\/p>\n\n\n\n<p>Nous remettrons quelques permanences la semaine suivante pour les cours d&rsquo;essai de la premi\u00e8re semaine<\/p>\n\n\n\n<p>Vous avez aussi toujours la possibilit\u00e9 de faire les r\u00e8glements par virement bancaire (RIB en pi\u00e8ce jointe) : pensez \u00e0 noter dans le libell\u00e9 le nom de votre enfant que nous puissions rattacher le r\u00e8glement.<\/p>\n\n\n\n<p><strong><u>6\/ Adh\u00e9sion et licence<\/u><\/strong><\/p>\n\n\n\n<p>Pour rappel, il est obligatoire de proc\u00e9der \u00e0 l&rsquo;inscription via le site internet (et de r\u00e9gler cette adh\u00e9sion au club dans les plus brefs d\u00e9lais)mais aussi de faire la demande de licence sur le site France Judo sur votre espace personnel. C&rsquo;est aussi \u00e0 cet endroit que vous pourrez r\u00e9cup\u00e9rer les vignette de licence \u00e0 imprimer vous-m\u00eame<\/p>\n\n\n\n<p><strong><u>7\/ Calendrier<\/u><\/strong><\/p>\n\n\n\n<p>Le calendrier est en cours de finition, il sera rapidement disponible sur le site internet et par mail.<\/p>\n\n\n\n<p><strong><u>8\/ Groupes Whatsapp enfants :<\/u><\/strong><\/p>\n\n\n\n<p>Des groupes Whatsapp ont \u00e9t\u00e9 cr\u00e9\u00e9s l&rsquo;ann\u00e9e derni\u00e8re, vous pourrez trouver les QR codes au dojo sur la vitre ext\u00e9rieures<\/p>\n\n\n\n<p>La baie vitr\u00e9e contiendra aussi les infos importantes du club comme l&rsquo;ann\u00e9e derni\u00e8re<\/p>\n\n\n\n<p><strong><u>9\/ Cours \u00c9veils judo:<\/u><\/strong><\/p>\n\n\n\n<p>Lors des cours \u00e9veils judo, nous rappelons que les enfants restent seuls avec nous, les parents doivent attendre \u00e0 l&rsquo;ext\u00e9rieur du dojo.&nbsp;<\/p>\n\n\n\n<p>Nous avons h\u00e2te de vous retrouver en pleine forme et pr\u00eats \u00e0 relever de nouveaux d\u00e9fis !<\/p>\n\n\n\n<p>Fanny et Jclaude<\/p>\n","protected":false},"excerpt":{"rendered":"<p>Bonjour \u00e0 tous ! La rentr\u00e9e arrive \u00e0 grands pas ! Quelques infos :&nbsp; 1\/ Reprise des cours : La reprise de tous les cours aura lieu \u00e0 partir du 9 septembre sur les horaires que vous avez choisi lors de l&rsquo;inscription 2\/ Save the date ! Le gala de fin d&rsquo;ann\u00e9e aura lieu cette [&hellip;]<\/p>\n","protected":false},"author":5,"featured_media":0,"comment_status":"open","ping_status":"open","sticky":false,"template":"","format":"standard","meta":{"ngg_post_thumbnail":0,"footnotes":""},"categories":[6],"tags":[],"class_list":["post-3635","post","type-post","status-publish","format-standard","hentry","category-vie-du-club"],"_links":{"self":[{"href":"http:\/\/www.dojo-anshin-arts-martiaux.org\/wordpress\/wp-json\/wp\/v2\/posts\/3635","targetHints":{"allow":["GET"]}}],"collection":[{"href":"http:\/\/www.dojo-anshin-arts-martiaux.org\/wordpress\/wp-json\/wp\/v2\/posts"}],"about":[{"href":"http:\/\/www.dojo-anshin-arts-martiaux.org\/wordpress\/wp-json\/wp\/v2\/types\/post"}],"author":[{"embeddable":true,"href":"http:\/\/www.dojo-anshin-arts-martiaux.org\/wordpress\/wp-json\/wp\/v2\/users\/5"}],"replies":[{"embeddable":true,"href":"http:\/\/www.dojo-anshin-arts-martiaux.org\/wordpress\/wp-json\/wp\/v2\/comments?post=3635"}],"version-history":[{"count":1,"href":"http:\/\/www.dojo-anshin-arts-martiaux.org\/wordpress\/wp-json\/wp\/v2\/posts\/3635\/revisions"}],"predecessor-version":[{"id":3636,"href":"http:\/\/www.dojo-anshin-arts-martiaux.org\/wordpress\/wp-json\/wp\/v2\/posts\/3635\/revisions\/3636"}],"wp:attachment":[{"href":"http:\/\/www.dojo-anshin-arts-martiaux.org\/wordpress\/wp-json\/wp\/v2\/media?parent=3635"}],"wp:term":[{"taxonomy":"category","embeddable":true,"href":"http:\/\/www.dojo-anshin-arts-martiaux.org\/wordpress\/wp-json\/wp\/v2\/categories?post=3635"},{"taxonomy":"post_tag","embeddable":true,"href":"http:\/\/www.dojo-anshin-arts-martiaux.org\/wordpress\/wp-json\/wp\/v2\/tags?post=3635"}],"curies":[{"name":"wp","href":"https:\/\/api.w.org\/{rel}","templated":true}]}}