{"id":597,"date":"2012-06-02T18:00:51","date_gmt":"2012-06-02T16:00:51","guid":{"rendered":"http:\/\/www.dojo-anshin-arts-martiaux.org\/wordpress\/?p=597"},"modified":"2013-04-25T14:01:22","modified_gmt":"2013-04-25T12:01:22","slug":"photos-gala-2012","status":"publish","type":"post","link":"http:\/\/www.dojo-anshin-arts-martiaux.org\/wordpress\/photos-gala-2012\/","title":{"rendered":"Photos Gala 2012"},"content":{"rendered":"<p style=\"text-align: center;\">Quelques photos de notre Gala du 02 juin 2012<\/p>\n<p style=\"text-align: center;\">\n<a href=\"http:\/\/www.dojo-anshin-arts-martiaux.org\/wordpress\/wp-content\/uploads\/2012\/07\/P1010231.jpg\"><img loading=\"lazy\" decoding=\"async\" src=\"http:\/\/www.dojo-anshin-arts-martiaux.org\/wordpress\/wp-content\/uploads\/2012\/07\/P1010231-300x225.jpg\" alt=\"\" title=\"Gala 2012\" width=\"300\" height=\"225\" class=\"alignleft size-medium wp-image-722\" srcset=\"http:\/\/www.dojo-anshin-arts-martiaux.org\/wordpress\/wp-content\/uploads\/2012\/07\/P1010231-300x225.jpg 300w, http:\/\/www.dojo-anshin-arts-martiaux.org\/wordpress\/wp-content\/uploads\/2012\/07\/P1010231.jpg 964w\" sizes=\"auto, (max-width: 300px) 100vw, 300px\" \/><\/a>\n<\/p>\n<p>Merci aux photographes:<\/p>\n<ul>\n<li>Michel (le compagnon de la Tr\u00e9sori\u00e8re) pour l&rsquo;<a href=\"https:\/\/plus.google.com\/u\/0\/photos\/105768833901335488949\/albums\/5749895497144973649?gpinv=AMIXal-Xmscr0P7DjI_QJRs8CaNsX_q4b9FvBqwiAIQKrafpAtyddQ_i4QrYwhlRrJEdk9JLLZRpbC0X05jS1tHW0Vg4uFwnzdxN7TiOUpeaoDbrAOeXR1I\" target=\"_blank\">album de photos<\/a>.<\/li>\n<p><\/p>\n<li>Marie-Laure (la femme du vice-pr\u00e9sident) pour l&rsquo;<a href=\"https:\/\/picasaweb.google.com\/DojoAnshin.ArtsMartiaux\/2012GalaJudo?authuser=0&#038;authkey=Gv1sRgCPm15ZTHpa_4Dg&#038;feat=directlink#slideshow\" target=\"_blank\">album de photos<\/a>.<\/li>\n<p><\/p>\n<li>Mr. Roland Calba (du journal Le Progr\u00e8s) <a href=\"https:\/\/picasaweb.google.com\/DojoAnshin.ArtsMartiaux\/2012_GalaJudo_LeProgres?authuser=0&#038;authkey=Gv1sRgCPrMlrfXgaaeYg&#038;feat=directlink#slideshow\" target=\"_blank\">Voir les photos<\/a>.<\/li>\n<\/ul>\n<p>(P.S: Sur l&rsquo;une des photos du Progr\u00e8s, vous remarquerez le sourire vengeur de la Tr\u00e9sori\u00e8re qui maltraite le Secr\u00e9taire&#8230;. Le pauvre!)<\/p>\n","protected":false},"excerpt":{"rendered":"<p>Quelques photos de notre Gala du 02 juin 2012 Merci aux photographes: Michel (le compagnon de la Tr\u00e9sori\u00e8re) pour l&rsquo;album de photos. Marie-Laure (la femme du vice-pr\u00e9sident) pour l&rsquo;album de photos. Mr. Roland Calba (du journal Le Progr\u00e8s) Voir les photos. (P.S: Sur l&rsquo;une des photos du Progr\u00e8s, vous remarquerez le sourire vengeur de la [&hellip;]<\/p>\n","protected":false},"author":2,"featured_media":0,"comment_status":"open","ping_status":"open","sticky":false,"template":"","format":"standard","meta":{"ngg_post_thumbnail":0,"footnotes":""},"categories":[10,6],"tags":[],"class_list":["post-597","post","type-post","status-publish","format-standard","hentry","category-photos","category-vie-du-club"],"_links":{"self":[{"href":"http:\/\/www.dojo-anshin-arts-martiaux.org\/wordpress\/wp-json\/wp\/v2\/posts\/597","targetHints":{"allow":["GET"]}}],"collection":[{"href":"http:\/\/www.dojo-anshin-arts-martiaux.org\/wordpress\/wp-json\/wp\/v2\/posts"}],"about":[{"href":"http:\/\/www.dojo-anshin-arts-martiaux.org\/wordpress\/wp-json\/wp\/v2\/types\/post"}],"author":[{"embeddable":true,"href":"http:\/\/www.dojo-anshin-arts-martiaux.org\/wordpress\/wp-json\/wp\/v2\/users\/2"}],"replies":[{"embeddable":true,"href":"http:\/\/www.dojo-anshin-arts-martiaux.org\/wordpress\/wp-json\/wp\/v2\/comments?post=597"}],"version-history":[{"count":0,"href":"http:\/\/www.dojo-anshin-arts-martiaux.org\/wordpress\/wp-json\/wp\/v2\/posts\/597\/revisions"}],"wp:attachment":[{"href":"http:\/\/www.dojo-anshin-arts-martiaux.org\/wordpress\/wp-json\/wp\/v2\/media?parent=597"}],"wp:term":[{"taxonomy":"category","embeddable":true,"href":"http:\/\/www.dojo-anshin-arts-martiaux.org\/wordpress\/wp-json\/wp\/v2\/categories?post=597"},{"taxonomy":"post_tag","embeddable":true,"href":"http:\/\/www.dojo-anshin-arts-martiaux.org\/wordpress\/wp-json\/wp\/v2\/tags?post=597"}],"curies":[{"name":"wp","href":"https:\/\/api.w.org\/{rel}","templated":true}]}}