{"id":900,"date":"2013-05-19T18:00:34","date_gmt":"2013-05-19T16:00:34","guid":{"rendered":"http:\/\/www.dojo-anshin-arts-martiaux.org\/wordpress\/?p=900"},"modified":"2013-05-27T14:50:24","modified_gmt":"2013-05-27T12:50:24","slug":"competitions-departementales-rhone-saison-2012-2013","status":"publish","type":"post","link":"http:\/\/www.dojo-anshin-arts-martiaux.org\/wordpress\/competitions-departementales-rhone-saison-2012-2013\/","title":{"rendered":"Comp\u00e9titions d\u00e9partementales Rh\u00f4ne, Ligue Rh\u00f4ne-Alpes et plus &#8211; Saison 2012-2013"},"content":{"rendered":"<p>Voici les r\u00e9sultats des comp\u00e9titions d\u00e9partementales Rh\u00f4ne et Ligue Rh\u00f4ne-Alpes pour la saison 2012-2013.<br \/>\nBravo \u00e0 toutes et \u00e0 tous.<br \/>\nJean-Claude et Andr\u00e9.<br \/>\n&nbsp;&nbsp;<br \/>\nPour information:<br \/>\n&#8211; Les phases finales pour les Benjamin(e) s&rsquo;arr\u00eatent au niveau Ligue.<br \/>\n&#8211; Les phases finales pour les Minimes s&rsquo;arr\u00eatent au niveau Inter-r\u00e9gions.<\/p>\n<table cellpading=10 align=center>\n<tr>\n<td align=center>\n<h2>Benjamin(e)s<\/h2>\n<\/td>\n<\/tr>\n<tr>\n<td>\n<strong>Championnat de la Ligue Rh\u00f4ne-Alpes<\/strong>, samedi 13 avril 2013<\/p>\n<ul>\n<li><b>RIEU Justine<\/b>, -44 kg, 3\u00e8me<\/li>\n<p>\ud83d\ude42 \ud83d\ude42 \ud83d\ude42 <strong>Bravo, de la graine de championne&#8230;<\/strong> \ud83d\ude42 \ud83d\ude42 \ud83d\ude42\n<\/ul>\n<\/td>\n<\/tr>\n<tr>\n<td>\n<strong>Championnat du Rh\u00f4ne<\/strong>, samedi 23 mars 2013<\/p>\n<ul>\n<li><b>RIEU Justine<\/b>, -44 kg, 2\u00e8me, qualifi\u00e9e<\/li>\n<\/ul>\n<ul>\n<li>DU VERDIER Roch<\/b>, -46 kg, 7\u00e8me, qualifi\u00e9<\/li>\n<\/ul>\n<\/td>\n<\/tr>\n<tr>\n<td>\n<strong>S\u00e9lection District<\/strong>, dimanche 09 d\u00e9cembre 2012<\/p>\n<ul>\n<li>BATTISTON Maxime, -30 kg, 7\u00e8me, rempla\u00e7ant<\/li>\n<li><b>COQUELLE Florian<\/b>, -42 kg, 2\u00e8me, qualifi\u00e9<\/li>\n<li><b>DU VERDIER Roch<\/b>, -46 kg, 1er, qualifi\u00e9<\/li>\n<li>OUSSAMA Benaziz, non class\u00e9<\/li>\n<\/ul>\n<\/td>\n<\/tr>\n<tr>\n<td align=center>\n<h2>Minimes<\/h2>\n<\/td>\n<\/tr>\n<tr>\n<td>\n<strong>Championnat inter-r\u00e9gions &#8211; Fos sur mer<\/strong>, dimanche 21 avril 2013<\/p>\n<ul>\n<li><b>VOYANT Tanguy<\/b>, -73 kg, 2\u00e8me<\/li>\n<li><b>BUTEL Lo\u00efc<\/b>, +73 kg, 3\u00e8me<\/li>\n<p>\ud83d\ude42 \ud83d\ude42 \ud83d\ude42 Comme dit Andr\u00e9: <strong>Bravo a mes deux \u00e9l\u00e8ves Tanguy et Loick pour la tr\u00e8s grosse perf place 2 et 3 au zone minime a fos sur mer bravo<\/strong> \ud83d\ude42 \ud83d\ude42 \ud83d\ude42\n<\/ul>\n<\/td>\n<\/tr>\n<tr>\n<td>\n<strong>Championnat de France UGSEL<\/strong>, 16-17 mars 2013<\/p>\n<ul>\n<li><b>VOYANT Tanguy<\/b>, -73 kg, 1er<\/li>\n<li><b>PIRIS Axel<\/b>, -66 kg, 3\u00e8me<\/li>\n<\/ul>\n<\/td>\n<\/tr>\n<tr>\n<td>\n<strong>Championnat individuel Ligue Rh\u00f4ne-Alpes<\/strong>, dimanche 17 f\u00e9vrier 2013<\/p>\n<ul>\n<li><b>VOYANT Tanguy<\/b>, -73 kg, 2\u00e8me, qualifi\u00e9<\/li>\n<li><b>BUTEL Lo\u00efc<\/b>, +73 kg, 3\u00e8me, qualifi\u00e9<\/li>\n<p><strong>Bravo \u00e0 tous les 2<\/strong>: ils sont qualifi\u00e9s pour les inter-r\u00e9gions.\n<\/ul>\n<\/td>\n<\/tr>\n<tr>\n<td>\n<strong>Championnat individuel Rh\u00f4ne<\/strong>, samedi 26 janvier 2013<\/p>\n<ul>\n<li><b>PEREZ Eva<\/b>, -57 kg, 5\u00e8me, qualifi\u00e9e<\/li>\n<\/ul>\n<ul>\n<li><b>VOYANT Tanguy<\/b>, -66 kg, 1er, qualifi\u00e9<\/li>\n<li><b>BUTEL Lo\u00efc<\/b>, +73 kg, 3\u00e8me, qualifi\u00e9<\/li>\n<li>BOUGHALMI Rayan, +73 kg, rempla\u00e7ant<\/li>\n<\/ul>\n<\/td>\n<\/tr>\n<tr>\n<td>\n<strong>S\u00e9lection District<\/strong>, samedi 08 d\u00e9cembre 2012<\/p>\n<ul>\n<li><b>PETRE Robin<\/b>, -46 kg, 5\u00e8me, qualifi\u00e9<\/li>\n<li><b>PERRIN Luc<\/b>, -60 kg, 5\u00e8me, qualifi\u00e9<\/li>\n<li><b>VOYANT Tanguy<\/b>, -66 kg, 2\u00e8me, qualifi\u00e9<\/li>\n<li><b>EXCOFFIER Kevin<\/b>, -66 kg, 3\u00e8me, qualifi\u00e9<\/li>\n<li><b>BOUGHALMI Rayan<\/b>, -73 kg, 1er, qualifi\u00e9<\/li>\n<li><b>BUTEL Lo\u00efc<\/b>, +73 kg, 1er, qualifi\u00e9<\/li>\n<\/ul>\n<\/td>\n<\/tr>\n<tr>\n<td align=center>\n<h2>Cadets<\/h2>\n<\/td>\n<\/tr>\n<tr>\n<td>\n<strong>Championnat individuel Rh\u00f4ne<\/strong>, samedi 15 d\u00e9cembre 2012<\/p>\n<ul>\n<li><b>LEROY Paul<\/b>, -46 kg, 6\u00e8me, qualifi\u00e9<\/li>\n<\/ul>\n<\/td>\n<\/tr>\n<tr>\n<td align=center>\n<h2>Juniors<\/h2>\n<\/td>\n<\/tr>\n<tr>\n<td>\n<strong>Championnat individuel Rh\u00f4ne<\/strong>, dimanche 16 d\u00e9cembre 2012<\/p>\n<ul>\n<li><b>EXCOFFIER Cl\u00e9ment<\/b>, -81 kg, qualifi\u00e9<\/li>\n<li><b>NOUIR Na\u00efm<\/b>, -81 kg, qualifi\u00e9<\/li>\n<li>RIEU Brandon, -73 kg, rempla\u00e7ant<\/li>\n<\/ul>\n<\/td>\n<\/tr>\n<tr>\n<td align=center>\n<h2>S\u00e9niors 2\u00e8me division<\/h2>\n<\/td>\n<\/tr>\n<tr>\n<td>\n<strong>Championnat individuel Rh\u00f4ne<\/strong>, dimanche 19 mai 2013<\/p>\n<ul>\n<li><b>FERRER Johanna<\/b>, -63 kg, 3\u00e8me, qualifi\u00e9<\/li>\n<\/ul>\n<ul>\n<li><b>PEREZ Alexandre<\/b>, -81 kg, 5\u00e8me, qualifi\u00e9<\/li>\n<\/ul>\n<\/td>\n<\/tr>\n<\/table>\n","protected":false},"excerpt":{"rendered":"<p>Voici les r\u00e9sultats des comp\u00e9titions d\u00e9partementales Rh\u00f4ne et Ligue Rh\u00f4ne-Alpes pour la saison 2012-2013. Bravo \u00e0 toutes et \u00e0 tous. Jean-Claude et Andr\u00e9. &nbsp;&nbsp; Pour information: &#8211; Les phases finales pour les Benjamin(e) s&rsquo;arr\u00eatent au niveau Ligue. &#8211; Les phases finales pour les Minimes s&rsquo;arr\u00eatent au niveau Inter-r\u00e9gions. Benjamin(e)s Championnat de la Ligue Rh\u00f4ne-Alpes, samedi [&hellip;]<\/p>\n","protected":false},"author":2,"featured_media":0,"comment_status":"open","ping_status":"open","sticky":false,"template":"","format":"standard","meta":{"ngg_post_thumbnail":0,"footnotes":""},"categories":[4,8],"tags":[],"class_list":["post-900","post","type-post","status-publish","format-standard","hentry","category-judo","category-resultats"],"_links":{"self":[{"href":"http:\/\/www.dojo-anshin-arts-martiaux.org\/wordpress\/wp-json\/wp\/v2\/posts\/900","targetHints":{"allow":["GET"]}}],"collection":[{"href":"http:\/\/www.dojo-anshin-arts-martiaux.org\/wordpress\/wp-json\/wp\/v2\/posts"}],"about":[{"href":"http:\/\/www.dojo-anshin-arts-martiaux.org\/wordpress\/wp-json\/wp\/v2\/types\/post"}],"author":[{"embeddable":true,"href":"http:\/\/www.dojo-anshin-arts-martiaux.org\/wordpress\/wp-json\/wp\/v2\/users\/2"}],"replies":[{"embeddable":true,"href":"http:\/\/www.dojo-anshin-arts-martiaux.org\/wordpress\/wp-json\/wp\/v2\/comments?post=900"}],"version-history":[{"count":0,"href":"http:\/\/www.dojo-anshin-arts-martiaux.org\/wordpress\/wp-json\/wp\/v2\/posts\/900\/revisions"}],"wp:attachment":[{"href":"http:\/\/www.dojo-anshin-arts-martiaux.org\/wordpress\/wp-json\/wp\/v2\/media?parent=900"}],"wp:term":[{"taxonomy":"category","embeddable":true,"href":"http:\/\/www.dojo-anshin-arts-martiaux.org\/wordpress\/wp-json\/wp\/v2\/categories?post=900"},{"taxonomy":"post_tag","embeddable":true,"href":"http:\/\/www.dojo-anshin-arts-martiaux.org\/wordpress\/wp-json\/wp\/v2\/tags?post=900"}],"curies":[{"name":"wp","href":"https:\/\/api.w.org\/{rel}","templated":true}]}}